{"id":299895,"date":"2024-02-29T05:00:00","date_gmt":"2024-02-29T11:00:00","guid":{"rendered":"https:\/\/plazajuarez.mx\/?p=299895"},"modified":"2024-02-28T22:12:22","modified_gmt":"2024-02-29T04:12:22","slug":"el-poder-una-enfermedad-incurable","status":"publish","type":"post","link":"https:\/\/plazajuarez.mx\/historico\/el-poder-una-enfermedad-incurable\/","title":{"rendered":"El poder: una enfermedad incurable"},"content":{"rendered":"\n<h2 class=\"wp-block-heading\">LAGUNA DE VOCES<\/h2>\n\n\n\n<p>En realidad, todos los enfermos de poder se hartan de s\u00ed mismos, y en la \u00faltima etapa de la enfermedad buscan, a toda costa, que sea la muerte, soluci\u00f3n definitiva a sus terrores matutinos, vespertinos y nocturnos, en que vive la pesadilla del que ha cometido tantas tropel\u00edas, que solo pide llegue la justicia divina sin tanto dolor, como el que infligi\u00f3 a sus semejantes. Ha sido as\u00ed desde tiempos inmemoriales, desde el primer momento en que un hombre fue investido con la capacidad de tomar decisiones por todos los otros que le otorgaron ese don, porque confiaban en su capacidad y voluntad para no enloquecer.<\/p>\n\n\n\n<p>Pero siempre ha sido en vano, cualquier medicina preventiva ha resultado ineficaz, y resulta que solo los tontos son ajenos al embrujamiento que provoca reconocer y descubrir todo lo que implica tener en las manos el poder.<\/p>\n\n\n\n<p>Al menos por eso en nuestro pa\u00eds, hemos vivido sexenios que terminan sin complicaciones, incluso con presidentes que celebran la victoria del oponente, y dispuestos est\u00e1n a entregarle la Gran Silla del \u00c1guila, para luego desaparecer y regresar a su vida rutinaria, aunque eso s\u00ed, con mucho dinero. Les tiene sin cuidado todo lo que dejan, porque en realidad nunca les interes\u00f3.<\/p>\n\n\n\n<p>Los casos m\u00e1s graves, y usted los conoces, son protagonizados por los que no son tontos, pero solo inteligentes para atesorar m\u00e1s y m\u00e1s poder, jugar a que nunca se ir\u00e1n, a que en vida son los nuevos libertadores de la humanidad, Semidioses, pero fatalmente mortales. Y a eso le temen: al tiempo. Que no los perdona, que los hace viejos y marca con absoluta exactitud el momento, el instante en que habr\u00e1n de expirar y volver a la nada, sin oportunidad alguna de unirse a divinidad alguna, porque ofendieron tanto, maltrataron tanto a sus semejantes, que ni ese consuelo pueden tener.<\/p>\n\n\n\n<p>S\u00ed. Hacen su para\u00edso, pero tambi\u00e9n su infierno en la tierra, con fecha de caducidad que no se puede alterar, porque est\u00e1 marcada con tinta indeleble, terrible, imposible de borrar o de alterar.<\/p>\n\n\n\n<p>La humanidad ha sido testigo fiel y constante de estos hechos, porque antes de lo que siempre sucede, conoc\u00edan al interfecto, le reconoc\u00edan su serenidad y desinter\u00e9s por el simple poder, y apostaban todo a que no cambiar\u00eda, que se reconocer\u00eda en el rostro de sus semejantes sin odios de ning\u00fan tipo.<\/p>\n\n\n\n<p>Nunca fue as\u00ed.<\/p>\n\n\n\n<p>Cuando la enfermedad pega, todo remedio ser\u00e1 en vano.<\/p>\n\n\n\n<p>Es la desgracia que acosa a la humanidad, que camina y camina en busca de ese momento en que, por vez primera y definitiva, un simple ser humano es capaz de enfrentar todos y cada uno de los elementos que conforman la transfiguraci\u00f3n del poder, y ser siempre \u00e9l mismo, siempre.<\/p>\n\n\n\n<p>Por desgracia esa posibilidad resulta tan absurda, tan rara, que cuando ese alguien se presenta con esas caracter\u00edsticas, tarde o temprano termina asesinado por las que ser\u00edan sus v\u00edctimas, que no aceptan, nunca aceptar\u00e1n que un victimario, un enfermo desahuciado, recupere la salud, producto de un milagro.<\/p>\n\n\n\n<p>Eso no. Eso nunca.<\/p>\n\n\n\n<p>Mil gracias, hasta ma\u00f1ana.<\/p>\n\n\n\n<p>Mi Correo: <a href=\"mailto:jeperalta@plazajuarez.mx\/historico\/historico\">jeperalta@plazajuarez.mx\/historico\/historico<\/a><\/p>\n\n\n\n<p>X: @JavierEPeralta<\/p>\n","protected":false},"excerpt":{"rendered":"<p>LAGUNA DE VOCES En realidad, todos los enfermos de poder se hartan de s\u00ed mismos, y en la \u00faltima etapa de la enfermedad buscan, a toda costa, que sea la muerte, soluci\u00f3n definitiva a sus terrores matutinos, vespertinos y nocturnos, en que vive la pesadilla del que ha cometido tantas tropel\u00edas, que solo pide llegue [&hellip;]<\/p>\n","protected":false},"author":10,"featured_media":270463,"comment_status":"closed","ping_status":"closed","sticky":false,"template":"","format":"standard","meta":{"footnotes":""},"categories":[42],"tags":[],"class_list":["post-299895","post","type-post","status-publish","format-standard","has-post-thumbnail","hentry","category-nuestrapalabra"],"_links":{"self":[{"href":"https:\/\/plazajuarez.mx\/historico\/wp-json\/wp\/v2\/posts\/299895","targetHints":{"allow":["GET"]}}],"collection":[{"href":"https:\/\/plazajuarez.mx\/historico\/wp-json\/wp\/v2\/posts"}],"about":[{"href":"https:\/\/plazajuarez.mx\/historico\/wp-json\/wp\/v2\/types\/post"}],"author":[{"embeddable":true,"href":"https:\/\/plazajuarez.mx\/historico\/wp-json\/wp\/v2\/users\/10"}],"replies":[{"embeddable":true,"href":"https:\/\/plazajuarez.mx\/historico\/wp-json\/wp\/v2\/comments?post=299895"}],"version-history":[{"count":0,"href":"https:\/\/plazajuarez.mx\/historico\/wp-json\/wp\/v2\/posts\/299895\/revisions"}],"wp:featuredmedia":[{"embeddable":true,"href":"https:\/\/plazajuarez.mx\/historico\/wp-json\/wp\/v2\/media\/270463"}],"wp:attachment":[{"href":"https:\/\/plazajuarez.mx\/historico\/wp-json\/wp\/v2\/media?parent=299895"}],"wp:term":[{"taxonomy":"category","embeddable":true,"href":"https:\/\/plazajuarez.mx\/historico\/wp-json\/wp\/v2\/categories?post=299895"},{"taxonomy":"post_tag","embeddable":true,"href":"https:\/\/plazajuarez.mx\/historico\/wp-json\/wp\/v2\/tags?post=299895"}],"curies":[{"name":"wp","href":"https:\/\/api.w.org\/{rel}","templated":true}]}}