{"id":299875,"date":"2024-02-29T05:00:00","date_gmt":"2024-02-29T11:00:00","guid":{"rendered":"https:\/\/plazajuarez.mx\/?p=299875"},"modified":"2024-02-28T21:56:08","modified_gmt":"2024-02-29T03:56:08","slug":"la-educacion-en-las-candidaturas-presidenciales-2024-2030-parte-i","status":"publish","type":"post","link":"https:\/\/plazajuarez.mx\/historico\/la-educacion-en-las-candidaturas-presidenciales-2024-2030-parte-i\/","title":{"rendered":"La educaci\u00f3n en las candidaturas presidenciales 2024-2030 (parte I)"},"content":{"rendered":"\n<h2 class=\"wp-block-heading\">AGENDA EDUCATIVA <\/h2>\n\n\n\n<p>De acuerdo al <a href=\"https:\/\/www.ine.mx\/voto-y-elecciones\/elecciones-2024\/eleccion-federal-2024\/\">Instituto Nacional Electoral (INE)<\/a>, el plazo de la campa\u00f1a de elecci\u00f3n federal para elegir al presidente o presidenta de la Rep\u00fablica ser\u00e1 del 01 de marzo al 29 de mayo de 2024. B\u00e1sicamente 90 d\u00edas, seg\u00fan indica el Art\u00edculo 237 del C\u00f3digo Federal de Instituciones y Procedimientos Electorales (COFIPE). Luego, pasar\u00e1n tres d\u00edas y los mexicanos saldremos a votar el domingo 02 de junio del 2024.<\/p>\n\n\n\n<p>En las elecciones presidenciales estar\u00e1: por la Coalici\u00f3n Morena-PT-PVEM, Claudia Sheinbaum, ex jefa de gobierno de la Ciudad de M\u00e9xico; por la Coalici\u00f3n PAN-PRI-PRD, X\u00f3chitl G\u00e1lvez, ex senadora de la Rep\u00fablica; y por el partido Movimiento Ciudadano, Jorge \u00c1lvarez M\u00e1ynez, diputado con licencia.&nbsp;<\/p>\n\n\n\n<p>\u00bfQu\u00e9 plantear\u00e1n las candidatas presidenciales en su plan de gobierno y programa de desarrollo en materia de educaci\u00f3n? \u00bfQui\u00e9nes podr\u00edan ser los responsables del dise\u00f1o e implementaci\u00f3n de las pol\u00edticas educativas del pr\u00f3ximo sexenio?<\/p>\n\n\n\n<p>En los siguientes 90 d\u00edas podremos conocer mayores rasgos de una pol\u00edtica educativa para el pr\u00f3ximo sexenio. Pero, los primeros rasgos de una pol\u00edtica educativa se pueden encontrar en los discursos y acciones de las candidatas presidenciales, la configuraci\u00f3n de los equipos de campa\u00f1a, as\u00ed como en lo que ha pasado en las pre campa\u00f1as.&nbsp;<\/p>\n\n\n\n<p>En el caso de X\u00f3chitl G\u00e1lvez, destaca en sus discursos de pre campa\u00f1a una educaci\u00f3n orientada a la ciencia y al futuro y brindar mejores oportunidades para los j\u00f3venes a trav\u00e9s del aumento en la cobertura educativa. Recientemente, en un video oficial del canal de YouTube Sociedad Civil M\u00e9xico (<a href=\"https:\/\/youtu.be\/OFuQhsFQggs\">17 de febrero de 2024<\/a>) X\u00f3chitl G\u00e1lvez expresa apostarle a la educaci\u00f3n y al empleo como la manera que los mexicanos vivan mejor. Pero, las referencias a la educaci\u00f3n parecen muy generales.<\/p>\n\n\n\n<p>Respecto al equipo de campa\u00f1a, X\u00f3chitl G\u00e1lvez (El Pa\u00eds, <a href=\"https:\/\/elpais.com\/mexico\/elecciones-mexicanas\/2024-01-19\/xochitl-galvez-quien-es-quien-en-el-equipo-de-campana-de-fuerza-y-corazon-por-mexico.html\">L\u00f3pez, 20 de enero de 2024<\/a>) tiene 9 coordinadores, de los cuales Margarita Zavala, abogada, pol\u00edtica y primera dama en el gobierno de Felipe Calder\u00f3n, es responsable del Comit\u00e9 de Sociedad Civil; es decir, la encargada de acercarse a la gente para entender los problemas p\u00fablicos (suponemos, tambi\u00e9n los problemas en materia de educaci\u00f3n). Tambi\u00e9n, como parte de este equipo se encuentra Josefina V\u00e1zquez Mota, ex secretaria de la SEP en el gobierno de Felipe Calder\u00f3n, pero cuyo rol es ser coordinadora de l\u00edderes de campa\u00f1a.&nbsp;&nbsp;<\/p>\n\n\n\n<p>En el caso de Claudia Sheinbaum, en el contexto de las precampa\u00f1as, present\u00f3 la estrategia denominada \u201cDi\u00e1logos por la transformaci\u00f3n\u201d con lo cual busc\u00f3 incluir cient\u00edficos, empresarios, especialistas y el pueblo de M\u00e9xico en la conformaci\u00f3n del proyecto de naci\u00f3n (<a href=\"https:\/\/www.eleconomista.com.mx\/empresas\/Sheinbaum-presenta-los-Dialogos-por-la-Transformacion-20231203-0081.html\">El Economista, 03 de diciembre, 2023<\/a>). En dicho evento present\u00f3 17 puntos estrat\u00e9gicos, uno de ellos, el de educaci\u00f3n de calidad. Tambi\u00e9n, Sheinbaum present\u00f3 a su equipo de campa\u00f1a conformado por 10 coordinadores y un grupo de especialistas.<\/p>\n\n\n\n<p>Aqu\u00ed, Renata Turrent, una joven especialista en pol\u00edticas p\u00fablicas con enfoque de g\u00e9nero, aparece como coordinadora de enlace con sectores acad\u00e9micos, con la estrategia de organizar foros y encuentros con este sector (<a href=\"https:\/\/www.elfinanciero.com.mx\/nacional\/2023\/11\/28\/perfil-ella-es-renata-turrent-la-joven-academica-que-se-unio-al-equipo-de-sheinbaum\/\">El Financiero, noviembre 28, 2023<\/a>). Aunado a esto, aparece Juan Ram\u00f3n de la Fuente, ex rector de la UNAM, como coordinador general del equipo \u201cDi\u00e1logos\u201d. Y, dentro de este equipo se encuentra Rosaura Ruiz Guti\u00e9rrez, ex titular de Educaci\u00f3n, Ciencia, Tecnolog\u00eda e Innovaci\u00f3n de la Ciudad de M\u00e9xico.&nbsp;<\/p>\n\n\n\n<p><strong>x@cesar_garcia131<\/strong><\/p>\n","protected":false},"excerpt":{"rendered":"<p>AGENDA EDUCATIVA De acuerdo al Instituto Nacional Electoral (INE), el plazo de la campa\u00f1a de elecci\u00f3n federal para elegir al presidente o presidenta de la Rep\u00fablica ser\u00e1 del 01 de marzo al 29 de mayo de 2024. B\u00e1sicamente 90 d\u00edas, seg\u00fan indica el Art\u00edculo 237 del C\u00f3digo Federal de Instituciones y Procedimientos Electorales (COFIPE). Luego, [&hellip;]<\/p>\n","protected":false},"author":114,"featured_media":294836,"comment_status":"closed","ping_status":"closed","sticky":false,"template":"","format":"standard","meta":{"footnotes":""},"categories":[42],"tags":[],"class_list":["post-299875","post","type-post","status-publish","format-standard","has-post-thumbnail","hentry","category-nuestrapalabra"],"_links":{"self":[{"href":"https:\/\/plazajuarez.mx\/historico\/wp-json\/wp\/v2\/posts\/299875","targetHints":{"allow":["GET"]}}],"collection":[{"href":"https:\/\/plazajuarez.mx\/historico\/wp-json\/wp\/v2\/posts"}],"about":[{"href":"https:\/\/plazajuarez.mx\/historico\/wp-json\/wp\/v2\/types\/post"}],"author":[{"embeddable":true,"href":"https:\/\/plazajuarez.mx\/historico\/wp-json\/wp\/v2\/users\/114"}],"replies":[{"embeddable":true,"href":"https:\/\/plazajuarez.mx\/historico\/wp-json\/wp\/v2\/comments?post=299875"}],"version-history":[{"count":0,"href":"https:\/\/plazajuarez.mx\/historico\/wp-json\/wp\/v2\/posts\/299875\/revisions"}],"wp:featuredmedia":[{"embeddable":true,"href":"https:\/\/plazajuarez.mx\/historico\/wp-json\/wp\/v2\/media\/294836"}],"wp:attachment":[{"href":"https:\/\/plazajuarez.mx\/historico\/wp-json\/wp\/v2\/media?parent=299875"}],"wp:term":[{"taxonomy":"category","embeddable":true,"href":"https:\/\/plazajuarez.mx\/historico\/wp-json\/wp\/v2\/categories?post=299875"},{"taxonomy":"post_tag","embeddable":true,"href":"https:\/\/plazajuarez.mx\/historico\/wp-json\/wp\/v2\/tags?post=299875"}],"curies":[{"name":"wp","href":"https:\/\/api.w.org\/{rel}","templated":true}]}}