{"id":299757,"date":"2024-02-28T00:49:19","date_gmt":"2024-02-28T06:49:19","guid":{"rendered":"https:\/\/plazajuarez.mx\/?p=299757"},"modified":"2024-02-28T00:49:20","modified_gmt":"2024-02-28T06:49:20","slug":"la-stpsh-atendio-a-mil-503-personas-con-discapacidad","status":"publish","type":"post","link":"https:\/\/plazajuarez.mx\/historico\/la-stpsh-atendio-a-mil-503-personas-con-discapacidad\/","title":{"rendered":"La STPSH atendi\u00f3 a mil 503 personas con discapacidad"},"content":{"rendered":"\n<p>En 2023 la Secretar\u00eda del Trabajo y Previsi\u00f3n Social de Hidalgo (STPSH), atendi\u00f3 y capacit\u00f3 a mil 503 personas con discapacidad y adultos mayores, a trav\u00e9s del Servicio Nacional de Empleo en la entidad y el Instituto de Capacitaci\u00f3n para el Trabajo del Estado, inform\u00f3 el titular de la dependencia, Oscar Javier Gonz\u00e1lez Hern\u00e1ndez.<\/p>\n\n\n\n<p>En el marco del d\u00eda por la inclusi\u00f3n laboral, indic\u00f3 que a trav\u00e9s de la estrategia \u2018Abriendo Espacios\u2019 que opera el Servicio Nacional de Empleo, se atendieron a 500 personas de sectores vulnerables que buscaban insertarse en un empleo formal en todo el territorio estatal.<\/p>\n\n\n\n<p>La STPSH cuenta con el Centro de Evaluaci\u00f3n de Habilidades Laborales con el sistema de VALPAR, el cual est\u00e1 dise\u00f1ado para identificar las necesidades, habilidades, aptitudes, logros, e intereses, para facilitar la inserci\u00f3n en una vacante de acuerdo a su perfil a quienes pertenecen a estos sectores de la poblaci\u00f3n vulnerable, se\u00f1al\u00f3.<\/p>\n\n\n\n<p>Detall\u00f3 que los empleos para estos sectores abarcan perfiles como ventas, atenci\u00f3n al p\u00fablico, ayudantes en general y docencia, principalmente.<\/p>\n","protected":false},"excerpt":{"rendered":"<p>En 2023 la Secretar\u00eda del Trabajo y Previsi\u00f3n Social de Hidalgo (STPSH), atendi\u00f3 y capacit\u00f3 a mil 503 personas con discapacidad y adultos mayores, a trav\u00e9s del Servicio Nacional de Empleo en la entidad y el Instituto de Capacitaci\u00f3n para el Trabajo del Estado, inform\u00f3 el titular de la dependencia, Oscar Javier Gonz\u00e1lez Hern\u00e1ndez. En [&hellip;]<\/p>\n","protected":false},"author":93,"featured_media":299758,"comment_status":"closed","ping_status":"closed","sticky":false,"template":"","format":"standard","meta":{"footnotes":""},"categories":[59],"tags":[],"class_list":["post-299757","post","type-post","status-publish","format-standard","has-post-thumbnail","hentry","category-general"],"_links":{"self":[{"href":"https:\/\/plazajuarez.mx\/historico\/wp-json\/wp\/v2\/posts\/299757","targetHints":{"allow":["GET"]}}],"collection":[{"href":"https:\/\/plazajuarez.mx\/historico\/wp-json\/wp\/v2\/posts"}],"about":[{"href":"https:\/\/plazajuarez.mx\/historico\/wp-json\/wp\/v2\/types\/post"}],"author":[{"embeddable":true,"href":"https:\/\/plazajuarez.mx\/historico\/wp-json\/wp\/v2\/users\/93"}],"replies":[{"embeddable":true,"href":"https:\/\/plazajuarez.mx\/historico\/wp-json\/wp\/v2\/comments?post=299757"}],"version-history":[{"count":0,"href":"https:\/\/plazajuarez.mx\/historico\/wp-json\/wp\/v2\/posts\/299757\/revisions"}],"wp:featuredmedia":[{"embeddable":true,"href":"https:\/\/plazajuarez.mx\/historico\/wp-json\/wp\/v2\/media\/299758"}],"wp:attachment":[{"href":"https:\/\/plazajuarez.mx\/historico\/wp-json\/wp\/v2\/media?parent=299757"}],"wp:term":[{"taxonomy":"category","embeddable":true,"href":"https:\/\/plazajuarez.mx\/historico\/wp-json\/wp\/v2\/categories?post=299757"},{"taxonomy":"post_tag","embeddable":true,"href":"https:\/\/plazajuarez.mx\/historico\/wp-json\/wp\/v2\/tags?post=299757"}],"curies":[{"name":"wp","href":"https:\/\/api.w.org\/{rel}","templated":true}]}}