{"id":299754,"date":"2024-02-28T00:47:48","date_gmt":"2024-02-28T06:47:48","guid":{"rendered":"https:\/\/plazajuarez.mx\/?p=299754"},"modified":"2024-02-28T00:47:50","modified_gmt":"2024-02-28T06:47:50","slug":"buscan-dar-a-conocer-el-son-flamenco","status":"publish","type":"post","link":"https:\/\/plazajuarez.mx\/historico\/buscan-dar-a-conocer-el-son-flamenco\/","title":{"rendered":"Buscan dar a conocer el \u201cSon Flamenco\u201d"},"content":{"rendered":"\n<p>El joven cantante, compositor y flamenco, mejor conocido como Tonny de la Vega, invit\u00f3 a la poblaci\u00f3n a que abran el panorama musical y conozcan un nuevo g\u00e9nero musical, a trav\u00e9s del espect\u00e1culo \u201cSon Flamenco\u201d, que se llevar\u00e1 a cabo el pr\u00f3ximo viernes 01 de marzo en el Teatro Bartolom\u00e9 de Medina.<\/p>\n\n\n\n<p>Al respecto, el artista mencion\u00f3 que el objetivo del espect\u00e1culo es dar a conocer m\u00e1s a profundidad un g\u00e9nero musical \u201cnuevo\u201d para los hidalguenses, sobre todo para los j\u00f3venes de Pachuca.<\/p>\n\n\n\n<p>Precis\u00f3 que la idea surge desde el momento en el que \u201cme fue muy complicado que las personas aceptaran el flamenco. Entonces decid\u00ed fusionarlo con un g\u00e9nero m\u00e1s conocido para que de forma indirecta se diera a conocer estos g\u00e9neros musicales\u201d.<\/p>\n\n\n\n<p>Sentenci\u00f3 que la audiencia que particularmente le interesa este tipo de fusiones, es justamente la audiencia flamenca, principalmente aficionados al mundo taurino que tiene una relaci\u00f3n muy amplia con el flamenco.<\/p>\n\n\n\n<p>Sin embargo destac\u00f3 que la finalidad es que esta fusi\u00f3n de g\u00e9neros cubanos, con&nbsp; danzas gitanas y flamenco, pueda abrirse camino y que m\u00e1s personas puedan aceptarla y disfrutarla.<\/p>\n\n\n\n<p>Por lo anterior detall\u00f3 que en el espect\u00e1culo participar\u00e1 un elenco de bailarinas profesionales.&nbsp;<\/p>\n\n\n\n<p>\u201cSon Flamenco\u201d se llevar\u00e1 a cabo el pr\u00f3ximo viernes 01 de marzo en el Teatro Bartolom\u00e9 de Medina, en punto de las 17:30 horas. El costo de los boletos en preventa ser\u00e1 de 80 pesos, mientras que en taquilla se podr\u00e1n adquirir en 100 pesos.<\/p>\n","protected":false},"excerpt":{"rendered":"<p>El joven cantante, compositor y flamenco, mejor conocido como Tonny de la Vega, invit\u00f3 a la poblaci\u00f3n a que abran el panorama musical y conozcan un nuevo g\u00e9nero musical, a trav\u00e9s del espect\u00e1culo \u201cSon Flamenco\u201d, que se llevar\u00e1 a cabo el pr\u00f3ximo viernes 01 de marzo en el Teatro Bartolom\u00e9 de Medina. Al respecto, el [&hellip;]<\/p>\n","protected":false},"author":73,"featured_media":299755,"comment_status":"closed","ping_status":"closed","sticky":false,"template":"","format":"standard","meta":{"footnotes":""},"categories":[15,59],"tags":[],"class_list":["post-299754","post","type-post","status-publish","format-standard","has-post-thumbnail","hentry","category-destacadas","category-general"],"_links":{"self":[{"href":"https:\/\/plazajuarez.mx\/historico\/wp-json\/wp\/v2\/posts\/299754","targetHints":{"allow":["GET"]}}],"collection":[{"href":"https:\/\/plazajuarez.mx\/historico\/wp-json\/wp\/v2\/posts"}],"about":[{"href":"https:\/\/plazajuarez.mx\/historico\/wp-json\/wp\/v2\/types\/post"}],"author":[{"embeddable":true,"href":"https:\/\/plazajuarez.mx\/historico\/wp-json\/wp\/v2\/users\/73"}],"replies":[{"embeddable":true,"href":"https:\/\/plazajuarez.mx\/historico\/wp-json\/wp\/v2\/comments?post=299754"}],"version-history":[{"count":0,"href":"https:\/\/plazajuarez.mx\/historico\/wp-json\/wp\/v2\/posts\/299754\/revisions"}],"wp:featuredmedia":[{"embeddable":true,"href":"https:\/\/plazajuarez.mx\/historico\/wp-json\/wp\/v2\/media\/299755"}],"wp:attachment":[{"href":"https:\/\/plazajuarez.mx\/historico\/wp-json\/wp\/v2\/media?parent=299754"}],"wp:term":[{"taxonomy":"category","embeddable":true,"href":"https:\/\/plazajuarez.mx\/historico\/wp-json\/wp\/v2\/categories?post=299754"},{"taxonomy":"post_tag","embeddable":true,"href":"https:\/\/plazajuarez.mx\/historico\/wp-json\/wp\/v2\/tags?post=299754"}],"curies":[{"name":"wp","href":"https:\/\/api.w.org\/{rel}","templated":true}]}}