{"id":299748,"date":"2024-02-28T00:38:53","date_gmt":"2024-02-28T06:38:53","guid":{"rendered":"https:\/\/plazajuarez.mx\/?p=299748"},"modified":"2024-02-28T00:38:58","modified_gmt":"2024-02-28T06:38:58","slug":"dese-por-enterado-1256","status":"publish","type":"post","link":"https:\/\/plazajuarez.mx\/historico\/dese-por-enterado-1256\/","title":{"rendered":"DESE POR ENTERADO"},"content":{"rendered":"\n<p><strong>\u00bfSER\u00c1? QUE HAY AFILIACI\u00d3N MASIVA AL PT<\/strong>. \u2013 No lo queremos creer, porque ser\u00eda mucha audacia, pero corre el rumor de que alumnos, maestros, investigadores y trabajadores de la Universidad Aut\u00f3noma del Estado de Hidalgo (UAEH), de repente les dio por afiliarse al Partido del Trabajo, franquicia hidalguense universitaria. No lo queremos creer, porque ser\u00eda mucho atrevimiento\u2026 o mucha desesperaci\u00f3n. Porque luego que les hicieron el feo en Morena, que mejor abraz\u00f3 a los profes del PANALH, se dijeron que, si ya ten\u00edan la franquicia petista, todo era asunto de engordar su padr\u00f3n. Pero no, de plano no lo queremos creer, porque simplemente no lo podemos creer. Pero\u2026 \u00bfY S\u00cd, S\u00cd?<\/p>\n\n\n\n<figure class=\"wp-block-image size-full\"><img loading=\"lazy\" decoding=\"async\" width=\"827\" height=\"828\" src=\"https:\/\/plazajuarez.mx\/historico\/historico\/wp-content\/uploads\/2024\/02\/\u00bfSERA_-QUE-HAY-AFILIACION-MASIVA-AL-PT-CORTESIA.png\" alt=\"\" class=\"wp-image-299749\" srcset=\"https:\/\/plazajuarez.mx\/historico\/wp-content\/uploads\/2024\/02\/\u00bfSERA_-QUE-HAY-AFILIACION-MASIVA-AL-PT-CORTESIA.png 827w, https:\/\/plazajuarez.mx\/historico\/wp-content\/uploads\/2024\/02\/\u00bfSERA_-QUE-HAY-AFILIACION-MASIVA-AL-PT-CORTESIA-768x769.png 768w, https:\/\/plazajuarez.mx\/historico\/wp-content\/uploads\/2024\/02\/\u00bfSERA_-QUE-HAY-AFILIACION-MASIVA-AL-PT-CORTESIA-36x36.png 36w\" sizes=\"auto, (max-width: 827px) 100vw, 827px\" \/><\/figure>\n\n\n\n<p>Foto: Cortes\u00eda<\/p>\n\n\n\n<p><strong>SAN CAYETANO, LA REALIDAD DA LA RAZ\u00d3N A BA\u00d1OS.<\/strong> \u2013 S\u00ed, la venta de bebidas embriagantes se hab\u00eda convertido en el origen de numerosas ri\u00f1as en el tianguis de San Cayetano. Simplemente la presidencia municipal de Pachuca, su alcalde, <strong>Sergio Ba\u00f1os Rubio<\/strong>, no pod\u00eda permitir que esto continuara. Podr\u00e1n hacer bloques carreteros y lo que usted manda, pero o se comprometen a dejar de vender bebidas espirituosas, o el tianguis no regresa. Y este es el sentir de los vecinos de la cantina ambulante en que se hab\u00eda convertido el tianguis. Toda la raz\u00f3n para el edil pachuque\u00f1o.<\/p>\n\n\n\n<figure class=\"wp-block-image size-full\"><img loading=\"lazy\" decoding=\"async\" width=\"1200\" height=\"1600\" src=\"https:\/\/plazajuarez.mx\/historico\/historico\/wp-content\/uploads\/2024\/02\/SAN-CAYETANO-LA-REALIDAD-DA-LA-RAZON-A-BANOS-DPJ.jpeg\" alt=\"\" class=\"wp-image-299750\" srcset=\"https:\/\/plazajuarez.mx\/historico\/wp-content\/uploads\/2024\/02\/SAN-CAYETANO-LA-REALIDAD-DA-LA-RAZON-A-BANOS-DPJ.jpeg 1200w, https:\/\/plazajuarez.mx\/historico\/wp-content\/uploads\/2024\/02\/SAN-CAYETANO-LA-REALIDAD-DA-LA-RAZON-A-BANOS-DPJ-768x1024.jpeg 768w, https:\/\/plazajuarez.mx\/historico\/wp-content\/uploads\/2024\/02\/SAN-CAYETANO-LA-REALIDAD-DA-LA-RAZON-A-BANOS-DPJ-1152x1536.jpeg 1152w\" sizes=\"auto, (max-width: 1200px) 100vw, 1200px\" \/><\/figure>\n\n\n\n<p>Foto: Diario Plaza Ju\u00e1rez<\/p>\n\n\n\n<p><strong>MORENA NO BUSC\u00d3 A ISRAEL, NI A ABRAHAM, NI A SUSY<\/strong>. \u2013 No, nunca les lleg\u00f3 la llamada que esperaban con ansias, en la que les dijeran que ser\u00edan candidatos a diputados federales o al Senado. Y as\u00ed pasaron horas y horas, sin dormir y sin comer, todos ojerosos y sin ilusiones. Alguien les habl\u00f3, pero para burlarse, qu\u00e9 gachos, al decirles: \u201c\u00a1L\u00e1stima Margarito!\u201d. <strong>Y los Margaritos fueron: Israel F\u00e9lix Soto, Abraham Mendoza Zenteno y Susana \u00c1ngeles. \u00a1L\u00c1STIMA MARGARITOS!<\/strong><\/p>\n\n\n\n<figure class=\"wp-block-image size-full\"><img loading=\"lazy\" decoding=\"async\" width=\"1024\" height=\"683\" src=\"https:\/\/plazajuarez.mx\/historico\/historico\/wp-content\/uploads\/2024\/02\/MORENA-NO-BUSCO-A-ISRAEL-NI-A-ABRAHAM-NI-A-SUSY-Facebook-Abraham-Mendoza-Zenteno-.jpeg\" alt=\"\" class=\"wp-image-299751\" srcset=\"https:\/\/plazajuarez.mx\/historico\/wp-content\/uploads\/2024\/02\/MORENA-NO-BUSCO-A-ISRAEL-NI-A-ABRAHAM-NI-A-SUSY-Facebook-Abraham-Mendoza-Zenteno-.jpeg 1024w, https:\/\/plazajuarez.mx\/historico\/wp-content\/uploads\/2024\/02\/MORENA-NO-BUSCO-A-ISRAEL-NI-A-ABRAHAM-NI-A-SUSY-Facebook-Abraham-Mendoza-Zenteno--768x512.jpeg 768w, https:\/\/plazajuarez.mx\/historico\/wp-content\/uploads\/2024\/02\/MORENA-NO-BUSCO-A-ISRAEL-NI-A-ABRAHAM-NI-A-SUSY-Facebook-Abraham-Mendoza-Zenteno--274x183.jpeg 274w, https:\/\/plazajuarez.mx\/historico\/wp-content\/uploads\/2024\/02\/MORENA-NO-BUSCO-A-ISRAEL-NI-A-ABRAHAM-NI-A-SUSY-Facebook-Abraham-Mendoza-Zenteno--80x54.jpeg 80w, https:\/\/plazajuarez.mx\/historico\/wp-content\/uploads\/2024\/02\/MORENA-NO-BUSCO-A-ISRAEL-NI-A-ABRAHAM-NI-A-SUSY-Facebook-Abraham-Mendoza-Zenteno--130x87.jpeg 130w, https:\/\/plazajuarez.mx\/historico\/wp-content\/uploads\/2024\/02\/MORENA-NO-BUSCO-A-ISRAEL-NI-A-ABRAHAM-NI-A-SUSY-Facebook-Abraham-Mendoza-Zenteno--359x240.jpeg 359w, https:\/\/plazajuarez.mx\/historico\/wp-content\/uploads\/2024\/02\/MORENA-NO-BUSCO-A-ISRAEL-NI-A-ABRAHAM-NI-A-SUSY-Facebook-Abraham-Mendoza-Zenteno--85x57.jpeg 85w, https:\/\/plazajuarez.mx\/historico\/wp-content\/uploads\/2024\/02\/MORENA-NO-BUSCO-A-ISRAEL-NI-A-ABRAHAM-NI-A-SUSY-Facebook-Abraham-Mendoza-Zenteno--546x365.jpeg 546w, https:\/\/plazajuarez.mx\/historico\/wp-content\/uploads\/2024\/02\/MORENA-NO-BUSCO-A-ISRAEL-NI-A-ABRAHAM-NI-A-SUSY-Facebook-Abraham-Mendoza-Zenteno--165x109.jpeg 165w, https:\/\/plazajuarez.mx\/historico\/wp-content\/uploads\/2024\/02\/MORENA-NO-BUSCO-A-ISRAEL-NI-A-ABRAHAM-NI-A-SUSY-Facebook-Abraham-Mendoza-Zenteno--112x75.jpeg 112w, https:\/\/plazajuarez.mx\/historico\/wp-content\/uploads\/2024\/02\/MORENA-NO-BUSCO-A-ISRAEL-NI-A-ABRAHAM-NI-A-SUSY-Facebook-Abraham-Mendoza-Zenteno--179x120.jpeg 179w, https:\/\/plazajuarez.mx\/historico\/wp-content\/uploads\/2024\/02\/MORENA-NO-BUSCO-A-ISRAEL-NI-A-ABRAHAM-NI-A-SUSY-Facebook-Abraham-Mendoza-Zenteno--170x113.jpeg 170w, https:\/\/plazajuarez.mx\/historico\/wp-content\/uploads\/2024\/02\/MORENA-NO-BUSCO-A-ISRAEL-NI-A-ABRAHAM-NI-A-SUSY-Facebook-Abraham-Mendoza-Zenteno--81x55.jpeg 81w, https:\/\/plazajuarez.mx\/historico\/wp-content\/uploads\/2024\/02\/MORENA-NO-BUSCO-A-ISRAEL-NI-A-ABRAHAM-NI-A-SUSY-Facebook-Abraham-Mendoza-Zenteno--765x510.jpeg 765w\" sizes=\"auto, (max-width: 1024px) 100vw, 1024px\" \/><\/figure>\n\n\n\n<p>Foto: Facebook Abraham Mendoza Zenteno<\/p>\n\n\n\n<p><strong>EL AGUA, CONAGUA DEBER\u00c1 INFORMAR<\/strong>. \u2013 La diputada federal y secretar\u00eda general del Comit\u00e9 Ejecutivo Nacional del PRI, <strong>Carolina Viggiano Austria<\/strong>, exigi\u00f3 que el titular de la Conagua, comparezca ante los legisladores, para que explique la intenci\u00f3n de llevarse agua de Hidalgo al Valle de M\u00e9xico, sin por lo menos consultar con los habitantes de la entidad, donde hay carencia grave del vital l\u00edquido para el consumo humano y el campo. Sentenci\u00f3 que el trato de \u201cpatrio trasero\u201d de la federaci\u00f3n a la entidad hidalguense, no solo no puede seguir, sino que no debe permitirse.<\/p>\n\n\n\n<figure class=\"wp-block-image size-full\"><img loading=\"lazy\" decoding=\"async\" width=\"720\" height=\"477\" src=\"https:\/\/plazajuarez.mx\/historico\/historico\/wp-content\/uploads\/2024\/02\/EL-AGUA-CONAGUA-DEBERA-INFORMAR-ARCHIVO.jpeg\" alt=\"\" class=\"wp-image-299752\" srcset=\"https:\/\/plazajuarez.mx\/historico\/wp-content\/uploads\/2024\/02\/EL-AGUA-CONAGUA-DEBERA-INFORMAR-ARCHIVO.jpeg 720w, https:\/\/plazajuarez.mx\/historico\/wp-content\/uploads\/2024\/02\/EL-AGUA-CONAGUA-DEBERA-INFORMAR-ARCHIVO-274x183.jpeg 274w, https:\/\/plazajuarez.mx\/historico\/wp-content\/uploads\/2024\/02\/EL-AGUA-CONAGUA-DEBERA-INFORMAR-ARCHIVO-80x54.jpeg 80w, https:\/\/plazajuarez.mx\/historico\/wp-content\/uploads\/2024\/02\/EL-AGUA-CONAGUA-DEBERA-INFORMAR-ARCHIVO-130x87.jpeg 130w, https:\/\/plazajuarez.mx\/historico\/wp-content\/uploads\/2024\/02\/EL-AGUA-CONAGUA-DEBERA-INFORMAR-ARCHIVO-85x57.jpeg 85w, https:\/\/plazajuarez.mx\/historico\/wp-content\/uploads\/2024\/02\/EL-AGUA-CONAGUA-DEBERA-INFORMAR-ARCHIVO-165x109.jpeg 165w, https:\/\/plazajuarez.mx\/historico\/wp-content\/uploads\/2024\/02\/EL-AGUA-CONAGUA-DEBERA-INFORMAR-ARCHIVO-112x75.jpeg 112w, https:\/\/plazajuarez.mx\/historico\/wp-content\/uploads\/2024\/02\/EL-AGUA-CONAGUA-DEBERA-INFORMAR-ARCHIVO-179x120.jpeg 179w, https:\/\/plazajuarez.mx\/historico\/wp-content\/uploads\/2024\/02\/EL-AGUA-CONAGUA-DEBERA-INFORMAR-ARCHIVO-170x113.jpeg 170w, https:\/\/plazajuarez.mx\/historico\/wp-content\/uploads\/2024\/02\/EL-AGUA-CONAGUA-DEBERA-INFORMAR-ARCHIVO-81x55.jpeg 81w\" sizes=\"auto, (max-width: 720px) 100vw, 720px\" \/><\/figure>\n\n\n\n<p>Foto: Archivo<\/p>\n\n\n\n<p><strong>Aviso para que no digan: Esta columna se nutre de comentarios recabados por agencias del Recontra-Espionaje, muy similares a las que populariz\u00f3 el \u201cS\u00faper Agente 86\u201d en sus tiempos. Como tal lo que publicamos puede que sea cierto, puede que no, o todo lo contrario. Est\u00e1 usted en libertad de creer o no lo que lee, recontra-enojarse, recontra- carcajearse y hasta recontra-recordarnos a nuestra jefecita (nosotros recontra-haremos lo propio). Avisado est\u00e1 usted.<\/strong><\/p>\n\n\n\n<p><strong>Correo: desexenterado@gmail.com&nbsp;&nbsp;<\/strong><\/p>\n\n\n\n<p><strong>X: @desexenterado<\/strong><\/p>\n","protected":false},"excerpt":{"rendered":"<p>\u00bfSER\u00c1? QUE HAY AFILIACI\u00d3N MASIVA AL PT. \u2013 No lo queremos creer, porque ser\u00eda mucha audacia, pero corre el rumor de que alumnos, maestros, investigadores y trabajadores de la Universidad Aut\u00f3noma del Estado de Hidalgo (UAEH), de repente les dio por afiliarse al Partido del Trabajo, franquicia hidalguense universitaria. No lo queremos creer, porque ser\u00eda [&hellip;]<\/p>\n","protected":false},"author":93,"featured_media":297918,"comment_status":"closed","ping_status":"closed","sticky":false,"template":"","format":"standard","meta":{"footnotes":""},"categories":[83],"tags":[],"class_list":["post-299748","post","type-post","status-publish","format-standard","has-post-thumbnail","hentry","category-dese-por-enterado"],"_links":{"self":[{"href":"https:\/\/plazajuarez.mx\/historico\/wp-json\/wp\/v2\/posts\/299748","targetHints":{"allow":["GET"]}}],"collection":[{"href":"https:\/\/plazajuarez.mx\/historico\/wp-json\/wp\/v2\/posts"}],"about":[{"href":"https:\/\/plazajuarez.mx\/historico\/wp-json\/wp\/v2\/types\/post"}],"author":[{"embeddable":true,"href":"https:\/\/plazajuarez.mx\/historico\/wp-json\/wp\/v2\/users\/93"}],"replies":[{"embeddable":true,"href":"https:\/\/plazajuarez.mx\/historico\/wp-json\/wp\/v2\/comments?post=299748"}],"version-history":[{"count":0,"href":"https:\/\/plazajuarez.mx\/historico\/wp-json\/wp\/v2\/posts\/299748\/revisions"}],"wp:featuredmedia":[{"embeddable":true,"href":"https:\/\/plazajuarez.mx\/historico\/wp-json\/wp\/v2\/media\/297918"}],"wp:attachment":[{"href":"https:\/\/plazajuarez.mx\/historico\/wp-json\/wp\/v2\/media?parent=299748"}],"wp:term":[{"taxonomy":"category","embeddable":true,"href":"https:\/\/plazajuarez.mx\/historico\/wp-json\/wp\/v2\/categories?post=299748"},{"taxonomy":"post_tag","embeddable":true,"href":"https:\/\/plazajuarez.mx\/historico\/wp-json\/wp\/v2\/tags?post=299748"}],"curies":[{"name":"wp","href":"https:\/\/api.w.org\/{rel}","templated":true}]}}