{"id":299697,"date":"2024-02-27T02:04:49","date_gmt":"2024-02-27T08:04:49","guid":{"rendered":"https:\/\/plazajuarez.mx\/?p=299697"},"modified":"2024-02-27T02:04:52","modified_gmt":"2024-02-27T08:04:52","slug":"maestros-de-oaxaca-activaron-37-bloqueos-carreteros","status":"publish","type":"post","link":"https:\/\/plazajuarez.mx\/historico\/maestros-de-oaxaca-activaron-37-bloqueos-carreteros\/","title":{"rendered":"Maestros de Oaxaca, activaron 37 bloqueos carreteros"},"content":{"rendered":"\n<p>Maestros disidentes de la Coordinadora Nacional de los Trabajadores de la Educaci\u00f3n (CNTE) activaron en todo el estado mexicano de Oaxaca 37 bloqueos carreteros ante la visita este lunes del presidente Andr\u00e9s Manuel L\u00f3pez Obrador al puerto de Salina Cruz, donde inaugur\u00f3 el megaproyecto del rompeolas del Corredor Interoce\u00e1nico del Istmo de Tehuantepec (CIIT).<\/p>\n\n\n\n<p>Aunque los maestros no se oponen a estos proyectos, aprovecharon la visita presidencial para solicitar una mesa de negociaci\u00f3n con las secretar\u00edas de Gobernaci\u00f3n (Interior) y de Educaci\u00f3n P\u00fablica (SEP) para exigir la abrogaci\u00f3n total de la Reforma Educativa y la Ley del Instituto de Seguridad Social para los Trabajadores del Estado (Issste) que tiene que ver con retiros y jubilaciones de los trabajadores de la educaci\u00f3n.<\/p>\n\n\n\n<p>Adem\u00e1s, exigieron mejoras salariales, infraestructura educativa y contrataci\u00f3n de egresados de la escuelas normales (escuelas rurales para maestros).<\/p>\n\n\n\n<p>La reforma educativa de L\u00f3pez Obrador, de 2019, elimin\u00f3 todas las modificaciones constitucionales realizadas en la materia en 2013 por el presidente Enrique Pe\u00f1a Nieto (2012-2018), pero los maestros ha se\u00f1alado que ambas son similares.<\/p>\n","protected":false},"excerpt":{"rendered":"<p>Maestros disidentes de la Coordinadora Nacional de los Trabajadores de la Educaci\u00f3n (CNTE) activaron en todo el estado mexicano de Oaxaca 37 bloqueos carreteros ante la visita este lunes del presidente Andr\u00e9s Manuel L\u00f3pez Obrador al puerto de Salina Cruz, donde inaugur\u00f3 el megaproyecto del rompeolas del Corredor Interoce\u00e1nico del Istmo de Tehuantepec (CIIT). Aunque [&hellip;]<\/p>\n","protected":false},"author":80,"featured_media":299698,"comment_status":"closed","ping_status":"closed","sticky":false,"template":"","format":"standard","meta":{"footnotes":""},"categories":[36],"tags":[],"class_list":["post-299697","post","type-post","status-publish","format-standard","has-post-thumbnail","hentry","category-nacion"],"_links":{"self":[{"href":"https:\/\/plazajuarez.mx\/historico\/wp-json\/wp\/v2\/posts\/299697","targetHints":{"allow":["GET"]}}],"collection":[{"href":"https:\/\/plazajuarez.mx\/historico\/wp-json\/wp\/v2\/posts"}],"about":[{"href":"https:\/\/plazajuarez.mx\/historico\/wp-json\/wp\/v2\/types\/post"}],"author":[{"embeddable":true,"href":"https:\/\/plazajuarez.mx\/historico\/wp-json\/wp\/v2\/users\/80"}],"replies":[{"embeddable":true,"href":"https:\/\/plazajuarez.mx\/historico\/wp-json\/wp\/v2\/comments?post=299697"}],"version-history":[{"count":0,"href":"https:\/\/plazajuarez.mx\/historico\/wp-json\/wp\/v2\/posts\/299697\/revisions"}],"wp:featuredmedia":[{"embeddable":true,"href":"https:\/\/plazajuarez.mx\/historico\/wp-json\/wp\/v2\/media\/299698"}],"wp:attachment":[{"href":"https:\/\/plazajuarez.mx\/historico\/wp-json\/wp\/v2\/media?parent=299697"}],"wp:term":[{"taxonomy":"category","embeddable":true,"href":"https:\/\/plazajuarez.mx\/historico\/wp-json\/wp\/v2\/categories?post=299697"},{"taxonomy":"post_tag","embeddable":true,"href":"https:\/\/plazajuarez.mx\/historico\/wp-json\/wp\/v2\/tags?post=299697"}],"curies":[{"name":"wp","href":"https:\/\/api.w.org\/{rel}","templated":true}]}}