{"id":299694,"date":"2024-02-27T01:59:12","date_gmt":"2024-02-27T07:59:12","guid":{"rendered":"https:\/\/plazajuarez.mx\/?p=299694"},"modified":"2024-02-27T01:59:14","modified_gmt":"2024-02-27T07:59:14","slug":"sheinbaum-cierra-su-intercampana-con-amplia-ventaja-sobre-galvez","status":"publish","type":"post","link":"https:\/\/plazajuarez.mx\/historico\/sheinbaum-cierra-su-intercampana-con-amplia-ventaja-sobre-galvez\/","title":{"rendered":"Sheinbaum cierra su intercampa\u00f1a con amplia ventaja sobre G\u00e1lvez"},"content":{"rendered":"\n<p>La candidata oficialista a la presidencia de M\u00e9xico, Claudia Sheinbaum, cierra el periodo de intercampa\u00f1a como l\u00edder con 23 puntos de ventaja sobre su principal rival, la opositora X\u00f3chitl G\u00e1lvez, seg\u00fan el sondeo publicado este lunes por el peri\u00f3dico El Universal.<\/p>\n\n\n\n<p>La aspirante del gobernante Movimiento Regeneraci\u00f3n Nacional (Morena) llega al inicio oficial de las campa\u00f1as, este viernes, con el 59% de los apoyos, por delante de G\u00e1lvez (36%) y del candidato de Movimiento Ciudadano (MC), Jorge \u00c1lvarez M\u00e1ynez (5%).<\/p>\n\n\n\n<p>En el sondeo, dos de cada tres personas encuestadas dicen tener una buena opini\u00f3n sobre Morena; mientras que los partidos del frente opositor Fuerza y Coraz\u00f3n por M\u00e9xico, consiguen un 25% de opiniones favorables.<\/p>\n\n\n\n<p>Aun as\u00ed, la precampa\u00f1a permiti\u00f3 a G\u00e1lvez ser m\u00e1s conocida entre la poblaci\u00f3n: un 65% de las personas preguntadas dicen saber qui\u00e9n es, aunque El Universal destaca que esto no se traduce en una mejor opini\u00f3n de la candidata.<\/p>\n","protected":false},"excerpt":{"rendered":"<p>La candidata oficialista a la presidencia de M\u00e9xico, Claudia Sheinbaum, cierra el periodo de intercampa\u00f1a como l\u00edder con 23 puntos de ventaja sobre su principal rival, la opositora X\u00f3chitl G\u00e1lvez, seg\u00fan el sondeo publicado este lunes por el peri\u00f3dico El Universal. La aspirante del gobernante Movimiento Regeneraci\u00f3n Nacional (Morena) llega al inicio oficial de las [&hellip;]<\/p>\n","protected":false},"author":80,"featured_media":299695,"comment_status":"closed","ping_status":"closed","sticky":false,"template":"","format":"standard","meta":{"footnotes":""},"categories":[36],"tags":[],"class_list":["post-299694","post","type-post","status-publish","format-standard","has-post-thumbnail","hentry","category-nacion"],"_links":{"self":[{"href":"https:\/\/plazajuarez.mx\/historico\/wp-json\/wp\/v2\/posts\/299694","targetHints":{"allow":["GET"]}}],"collection":[{"href":"https:\/\/plazajuarez.mx\/historico\/wp-json\/wp\/v2\/posts"}],"about":[{"href":"https:\/\/plazajuarez.mx\/historico\/wp-json\/wp\/v2\/types\/post"}],"author":[{"embeddable":true,"href":"https:\/\/plazajuarez.mx\/historico\/wp-json\/wp\/v2\/users\/80"}],"replies":[{"embeddable":true,"href":"https:\/\/plazajuarez.mx\/historico\/wp-json\/wp\/v2\/comments?post=299694"}],"version-history":[{"count":0,"href":"https:\/\/plazajuarez.mx\/historico\/wp-json\/wp\/v2\/posts\/299694\/revisions"}],"wp:featuredmedia":[{"embeddable":true,"href":"https:\/\/plazajuarez.mx\/historico\/wp-json\/wp\/v2\/media\/299695"}],"wp:attachment":[{"href":"https:\/\/plazajuarez.mx\/historico\/wp-json\/wp\/v2\/media?parent=299694"}],"wp:term":[{"taxonomy":"category","embeddable":true,"href":"https:\/\/plazajuarez.mx\/historico\/wp-json\/wp\/v2\/categories?post=299694"},{"taxonomy":"post_tag","embeddable":true,"href":"https:\/\/plazajuarez.mx\/historico\/wp-json\/wp\/v2\/tags?post=299694"}],"curies":[{"name":"wp","href":"https:\/\/api.w.org\/{rel}","templated":true}]}}