{"id":299691,"date":"2024-02-27T01:50:38","date_gmt":"2024-02-27T07:50:38","guid":{"rendered":"https:\/\/plazajuarez.mx\/?p=299691"},"modified":"2024-02-27T01:50:41","modified_gmt":"2024-02-27T07:50:41","slug":"galvez-comenzara-su-campana-en-el-municipio-mas-inseguro","status":"publish","type":"post","link":"https:\/\/plazajuarez.mx\/historico\/galvez-comenzara-su-campana-en-el-municipio-mas-inseguro\/","title":{"rendered":"G\u00e1lvez comenzar\u00e1 su campa\u00f1a en el municipio m\u00e1s inseguro\u00a0"},"content":{"rendered":"\n<p>La candidata presidencial de la oposici\u00f3n, X\u00f3chitl G\u00e1lvez, anunci\u00f3 ayer que arrancar\u00e1 su campa\u00f1a presidencial, durante la medianoche del primero de marzo, en Fresnillo, municipio del estado de Zacatecas considerado el m\u00e1s inseguro del pa\u00eds.<\/p>\n\n\n\n<p>\u201cEs el municipio donde la gente tiene m\u00e1s miedo de todo el pa\u00eds, el 97% de la gente que vive en Fresnillo siente miedo y vamos a arrancar ah\u00ed a las 12 de la noche mandando un gran mensaje de esperanza a todos los mexicanos de que va a terminar esta larga noche de violencia\u201d, se\u00f1al\u00f3 G\u00e1lvez en una rueda de prensa.<\/p>\n\n\n\n<p>Desde 2020, los 143 mil 281 habitantes del norte\u00f1o municipio de Fresnillo consideran que la inseguridad es su principal preocupaci\u00f3n y, por ello, la candidata decidi\u00f3 iniciar su campa\u00f1a en ese lugar.<\/p>\n\n\n\n<p>\u201c(Conclu\u00ed que) yo iba a arrancar en el municipio donde la gente tiene m\u00e1s miedo\u201d, insisti\u00f3.<\/p>\n\n\n\n<p>\u201cConozco familias que han perdido a varios de sus miembros, sobre todo j\u00f3venes. En este gobierno han asesinado a 60 mil j\u00f3venes, eso es inaceptable\u201d, refiri\u00f3.<\/p>\n","protected":false},"excerpt":{"rendered":"<p>La candidata presidencial de la oposici\u00f3n, X\u00f3chitl G\u00e1lvez, anunci\u00f3 ayer que arrancar\u00e1 su campa\u00f1a presidencial, durante la medianoche del primero de marzo, en Fresnillo, municipio del estado de Zacatecas considerado el m\u00e1s inseguro del pa\u00eds. \u201cEs el municipio donde la gente tiene m\u00e1s miedo de todo el pa\u00eds, el 97% de la gente que vive [&hellip;]<\/p>\n","protected":false},"author":80,"featured_media":299692,"comment_status":"closed","ping_status":"closed","sticky":false,"template":"","format":"standard","meta":{"footnotes":""},"categories":[36],"tags":[],"class_list":["post-299691","post","type-post","status-publish","format-standard","has-post-thumbnail","hentry","category-nacion"],"_links":{"self":[{"href":"https:\/\/plazajuarez.mx\/historico\/wp-json\/wp\/v2\/posts\/299691","targetHints":{"allow":["GET"]}}],"collection":[{"href":"https:\/\/plazajuarez.mx\/historico\/wp-json\/wp\/v2\/posts"}],"about":[{"href":"https:\/\/plazajuarez.mx\/historico\/wp-json\/wp\/v2\/types\/post"}],"author":[{"embeddable":true,"href":"https:\/\/plazajuarez.mx\/historico\/wp-json\/wp\/v2\/users\/80"}],"replies":[{"embeddable":true,"href":"https:\/\/plazajuarez.mx\/historico\/wp-json\/wp\/v2\/comments?post=299691"}],"version-history":[{"count":0,"href":"https:\/\/plazajuarez.mx\/historico\/wp-json\/wp\/v2\/posts\/299691\/revisions"}],"wp:featuredmedia":[{"embeddable":true,"href":"https:\/\/plazajuarez.mx\/historico\/wp-json\/wp\/v2\/media\/299692"}],"wp:attachment":[{"href":"https:\/\/plazajuarez.mx\/historico\/wp-json\/wp\/v2\/media?parent=299691"}],"wp:term":[{"taxonomy":"category","embeddable":true,"href":"https:\/\/plazajuarez.mx\/historico\/wp-json\/wp\/v2\/categories?post=299691"},{"taxonomy":"post_tag","embeddable":true,"href":"https:\/\/plazajuarez.mx\/historico\/wp-json\/wp\/v2\/tags?post=299691"}],"curies":[{"name":"wp","href":"https:\/\/api.w.org\/{rel}","templated":true}]}}