{"id":299685,"date":"2024-02-27T01:42:49","date_gmt":"2024-02-27T07:42:49","guid":{"rendered":"https:\/\/plazajuarez.mx\/?p=299685"},"modified":"2024-02-27T01:42:52","modified_gmt":"2024-02-27T07:42:52","slug":"el-jueves-es-el-ultimo-dia-como-presidentas-municipales","status":"publish","type":"post","link":"https:\/\/plazajuarez.mx\/historico\/el-jueves-es-el-ultimo-dia-como-presidentas-municipales\/","title":{"rendered":"El jueves es el \u00faltimo d\u00eda como presidentas municipales\u00a0"},"content":{"rendered":"\n<p>VALLE DEL MEZQUITAL.- Esta semana, las presidentas municipales de Ixmiquilpan, Araceli Beltr\u00e1n Contreras y de Actopan, Tatiana \u00c1ngeles Moreno, pedir\u00e1n licencias a sus cargos para participar abiertamente el primero de marzo en la actividad de inicio de campa\u00f1a de la candidata presidencial, Claudia Sheinbaum.\u00a0<\/p>\n\n\n\n<p>En el caso de Actopan, se tiene previsto que sea el jueves 29, se llevar\u00e1 a cabo la sesi\u00f3n de cabildo para la solicitud de licencia de la presidenta municipal. su lugar ser\u00e1 ocupado por Mar\u00eda del Socorro Ap\u00e1tiga, quien es la suplente de la alcaldesa morenista.&nbsp;<\/p>\n\n\n\n<p>Tatiana \u00c1ngeles Moreno, ser\u00e1 candidata a diputada federal por el partido Morena. Se ha adelantado, que el cabildo ya ha dialogado con ella para la autorizaci\u00f3n de la licencia correspondiente para separarse de sus funciones.&nbsp;<\/p>\n\n\n\n<p>Asimismo, la presidenta municipal de Ixmiquilpan, Araceli Beltr\u00e1n Contreras, ha confirmado que esta semana se separar\u00e1 de sus funciones. Ella ser\u00e1 candidata del Partido Verde Ecologista de M\u00e9xico (PVEM), con la coalici\u00f3n Seguiremos Haciendo Historia.&nbsp;<\/p>\n","protected":false},"excerpt":{"rendered":"<p>VALLE DEL MEZQUITAL.- Esta semana, las presidentas municipales de Ixmiquilpan, Araceli Beltr\u00e1n Contreras y de Actopan, Tatiana \u00c1ngeles Moreno, pedir\u00e1n licencias a sus cargos para participar abiertamente el primero de marzo en la actividad de inicio de campa\u00f1a de la candidata presidencial, Claudia Sheinbaum.\u00a0 En el caso de Actopan, se tiene previsto que sea el [&hellip;]<\/p>\n","protected":false},"author":75,"featured_media":299670,"comment_status":"closed","ping_status":"closed","sticky":false,"template":"","format":"standard","meta":{"footnotes":""},"categories":[40],"tags":[],"class_list":["post-299685","post","type-post","status-publish","format-standard","has-post-thumbnail","hentry","category-region"],"_links":{"self":[{"href":"https:\/\/plazajuarez.mx\/historico\/wp-json\/wp\/v2\/posts\/299685","targetHints":{"allow":["GET"]}}],"collection":[{"href":"https:\/\/plazajuarez.mx\/historico\/wp-json\/wp\/v2\/posts"}],"about":[{"href":"https:\/\/plazajuarez.mx\/historico\/wp-json\/wp\/v2\/types\/post"}],"author":[{"embeddable":true,"href":"https:\/\/plazajuarez.mx\/historico\/wp-json\/wp\/v2\/users\/75"}],"replies":[{"embeddable":true,"href":"https:\/\/plazajuarez.mx\/historico\/wp-json\/wp\/v2\/comments?post=299685"}],"version-history":[{"count":0,"href":"https:\/\/plazajuarez.mx\/historico\/wp-json\/wp\/v2\/posts\/299685\/revisions"}],"wp:featuredmedia":[{"embeddable":true,"href":"https:\/\/plazajuarez.mx\/historico\/wp-json\/wp\/v2\/media\/299670"}],"wp:attachment":[{"href":"https:\/\/plazajuarez.mx\/historico\/wp-json\/wp\/v2\/media?parent=299685"}],"wp:term":[{"taxonomy":"category","embeddable":true,"href":"https:\/\/plazajuarez.mx\/historico\/wp-json\/wp\/v2\/categories?post=299685"},{"taxonomy":"post_tag","embeddable":true,"href":"https:\/\/plazajuarez.mx\/historico\/wp-json\/wp\/v2\/tags?post=299685"}],"curies":[{"name":"wp","href":"https:\/\/api.w.org\/{rel}","templated":true}]}}