{"id":299669,"date":"2024-02-27T00:56:30","date_gmt":"2024-02-27T06:56:30","guid":{"rendered":"https:\/\/plazajuarez.mx\/?p=299669"},"modified":"2024-02-27T01:39:58","modified_gmt":"2024-02-27T07:39:58","slug":"alcaldesa-asegura-que-siempre-hubo-apoyo-a-policia-fallecido-el-pasado-fin-de-semana","status":"publish","type":"post","link":"https:\/\/plazajuarez.mx\/historico\/alcaldesa-asegura-que-siempre-hubo-apoyo-a-policia-fallecido-el-pasado-fin-de-semana\/","title":{"rendered":"Alcaldesa asegura que siempre hubo apoyo a polic\u00eda fallecido el pasado fin de semana"},"content":{"rendered":"\n<p>ACTOPAN.-\u00a0La presidencia municipal de Actopan, asegur\u00f3 que s\u00ed brind\u00f3 ayuda a Marco Antonio Gabriel, polic\u00eda que falleci\u00f3 el fin de semana y que su familia denunci\u00f3, la falta de apoyo y respeto a sus derechos laborales y humanos por parte de la alcaldesa, Tatiana \u00c1ngeles Moreno.\u00a0<\/p>\n\n\n\n<p>A trav\u00e9s de un comunicado, la presidencia&nbsp; inform\u00f3, que adem\u00e1s de apoyo econ\u00f3mico, tambi\u00e9n se le autorizaron las incapacidades que solicit\u00f3, adem\u00e1s de que se le resolver\u00e1 lo relacionado a su seguro de vida para beneficiar a su viuda.&nbsp;<\/p>\n\n\n\n<p>La presidencia municipal, revel\u00f3 una serie de tarifas, donde incluso apoy\u00f3 m\u00e1s para gastos funerarios que durante la convalecencia del polic\u00eda. Por su parte la alcaldesa, Tatiana \u00c1ngeles Moreno, asegur\u00f3, que el caso se est\u00e1 utilizando con fines oscuros. \u201cLamentamos profundamente el deceso de nuestro compa\u00f1ero Marco Antonio y lamentamos que se utilice el dolor de la familia y el sufrimiento de nuestro compa\u00f1ero para distorsionar la verdad en beneficio de fines oscuros\u201d.&nbsp;<\/p>\n\n\n\n<p>Sin embargo, el hijo del polic\u00eda, Gabriel Gabriel, dio a conocer, que la alcaldesa fue insensible al caso, incluso, cuando le solicitaron apoyo para la incapacidad, se la negaron, lo mismo que el apoyo para la aplicaci\u00f3n del seguro m\u00e9dico, entre otros derechos laborales. Dijo que en un momento, le pidieron ayuda con una ambulancia para trasladarlo a un hospital y les rechazaron el apoyo, fue necesario que interviniera el ayuntamiento de Santiago de Anaya, qui\u00e9n realiz\u00f3 el traslado.&nbsp;<\/p>\n","protected":false},"excerpt":{"rendered":"<p>ACTOPAN.-\u00a0La presidencia municipal de Actopan, asegur\u00f3 que s\u00ed brind\u00f3 ayuda a Marco Antonio Gabriel, polic\u00eda que falleci\u00f3 el fin de semana y que su familia denunci\u00f3, la falta de apoyo y respeto a sus derechos laborales y humanos por parte de la alcaldesa, Tatiana \u00c1ngeles Moreno.\u00a0 A trav\u00e9s de un comunicado, la presidencia&nbsp; inform\u00f3, que [&hellip;]<\/p>\n","protected":false},"author":75,"featured_media":299686,"comment_status":"closed","ping_status":"closed","sticky":false,"template":"","format":"standard","meta":{"footnotes":""},"categories":[40],"tags":[],"class_list":["post-299669","post","type-post","status-publish","format-standard","has-post-thumbnail","hentry","category-region"],"_links":{"self":[{"href":"https:\/\/plazajuarez.mx\/historico\/wp-json\/wp\/v2\/posts\/299669","targetHints":{"allow":["GET"]}}],"collection":[{"href":"https:\/\/plazajuarez.mx\/historico\/wp-json\/wp\/v2\/posts"}],"about":[{"href":"https:\/\/plazajuarez.mx\/historico\/wp-json\/wp\/v2\/types\/post"}],"author":[{"embeddable":true,"href":"https:\/\/plazajuarez.mx\/historico\/wp-json\/wp\/v2\/users\/75"}],"replies":[{"embeddable":true,"href":"https:\/\/plazajuarez.mx\/historico\/wp-json\/wp\/v2\/comments?post=299669"}],"version-history":[{"count":0,"href":"https:\/\/plazajuarez.mx\/historico\/wp-json\/wp\/v2\/posts\/299669\/revisions"}],"wp:featuredmedia":[{"embeddable":true,"href":"https:\/\/plazajuarez.mx\/historico\/wp-json\/wp\/v2\/media\/299686"}],"wp:attachment":[{"href":"https:\/\/plazajuarez.mx\/historico\/wp-json\/wp\/v2\/media?parent=299669"}],"wp:term":[{"taxonomy":"category","embeddable":true,"href":"https:\/\/plazajuarez.mx\/historico\/wp-json\/wp\/v2\/categories?post=299669"},{"taxonomy":"post_tag","embeddable":true,"href":"https:\/\/plazajuarez.mx\/historico\/wp-json\/wp\/v2\/tags?post=299669"}],"curies":[{"name":"wp","href":"https:\/\/api.w.org\/{rel}","templated":true}]}}