{"id":299659,"date":"2024-02-27T00:02:00","date_gmt":"2024-02-27T06:02:00","guid":{"rendered":"https:\/\/plazajuarez.mx\/?p=299659"},"modified":"2024-02-26T23:52:53","modified_gmt":"2024-02-27T05:52:53","slug":"checo-ya-tengo-ganas-de-que-empiecen-las-carreras-la-semana-de-pruebas-fue-solida","status":"publish","type":"post","link":"https:\/\/plazajuarez.mx\/historico\/checo-ya-tengo-ganas-de-que-empiecen-las-carreras-la-semana-de-pruebas-fue-solida\/","title":{"rendered":"&#8216;Checo&#8217;: &#8220;Ya tengo ganas de que empiecen las carreras; la semana de pruebas fue s\u00f3lida&#8221;"},"content":{"rendered":"\n<p>El mexicano Sergio P\u00e9rez (Red Bull), subcampe\u00f3n del mundo de F\u00f3rmula Uno, declar\u00f3, con miras a la primera prueba del Mundial, el Gran Premio de Bar\u00e9in, que se disputa esta semana en el circuito de Sakhir, que ya tiene &#8220;ganas de que empiecen las carreras&#8221; y que &#8220;la semana de pruebas&#8221; -que tuvo lugar en ese circuito &#8220;fue s\u00f3lida&#8221;.<\/p>\n\n\n\n<p>&#8220;Al fin ha llegado el momento de volver a correr y tengo muchas ganas de que llegue el fin de semana. Tuvimos una semana de pruebas s\u00f3lida, en la que optimizados todo lo que pudimos; y el coche se notaba bien. Me alegr\u00e9 de ello y creo que la fiabilidad est\u00e1 ah\u00ed&#8221;, coment\u00f3 &#8216;Checo&#8217;, nacido hace 34 a\u00f1os en Guadalajara (Jalisco), con seis victorias en la F1, la primera de ellas en la pista que abre el Mundial.<\/p>\n\n\n\n<p>&#8220;Siempre es interesante ver c\u00f3mo cambian las cosas el primer fin de semana, al afrontar la calificaci\u00f3n y la carrera con much\u00edsimos conceptos nuevos en la parrilla.\u201d<\/p>\n","protected":false},"excerpt":{"rendered":"<p>El mexicano Sergio P\u00e9rez (Red Bull), subcampe\u00f3n del mundo de F\u00f3rmula Uno, declar\u00f3, con miras a la primera prueba del Mundial, el Gran Premio de Bar\u00e9in, que se disputa esta semana en el circuito de Sakhir, que ya tiene &#8220;ganas de que empiecen las carreras&#8221; y que &#8220;la semana de pruebas&#8221; -que tuvo lugar en [&hellip;]<\/p>\n","protected":false},"author":80,"featured_media":299660,"comment_status":"closed","ping_status":"closed","sticky":false,"template":"","format":"standard","meta":{"footnotes":""},"categories":[39],"tags":[],"class_list":["post-299659","post","type-post","status-publish","format-standard","has-post-thumbnail","hentry","category-deportiva"],"_links":{"self":[{"href":"https:\/\/plazajuarez.mx\/historico\/wp-json\/wp\/v2\/posts\/299659","targetHints":{"allow":["GET"]}}],"collection":[{"href":"https:\/\/plazajuarez.mx\/historico\/wp-json\/wp\/v2\/posts"}],"about":[{"href":"https:\/\/plazajuarez.mx\/historico\/wp-json\/wp\/v2\/types\/post"}],"author":[{"embeddable":true,"href":"https:\/\/plazajuarez.mx\/historico\/wp-json\/wp\/v2\/users\/80"}],"replies":[{"embeddable":true,"href":"https:\/\/plazajuarez.mx\/historico\/wp-json\/wp\/v2\/comments?post=299659"}],"version-history":[{"count":0,"href":"https:\/\/plazajuarez.mx\/historico\/wp-json\/wp\/v2\/posts\/299659\/revisions"}],"wp:featuredmedia":[{"embeddable":true,"href":"https:\/\/plazajuarez.mx\/historico\/wp-json\/wp\/v2\/media\/299660"}],"wp:attachment":[{"href":"https:\/\/plazajuarez.mx\/historico\/wp-json\/wp\/v2\/media?parent=299659"}],"wp:term":[{"taxonomy":"category","embeddable":true,"href":"https:\/\/plazajuarez.mx\/historico\/wp-json\/wp\/v2\/categories?post=299659"},{"taxonomy":"post_tag","embeddable":true,"href":"https:\/\/plazajuarez.mx\/historico\/wp-json\/wp\/v2\/tags?post=299659"}],"curies":[{"name":"wp","href":"https:\/\/api.w.org\/{rel}","templated":true}]}}