{"id":299655,"date":"2024-02-27T00:01:00","date_gmt":"2024-02-27T06:01:00","guid":{"rendered":"https:\/\/plazajuarez.mx\/?p=299655"},"modified":"2024-02-26T23:47:14","modified_gmt":"2024-02-27T05:47:14","slug":"el-campeon-de-la-formula-uno-listo-para-regresar-a-las-pistas","status":"publish","type":"post","link":"https:\/\/plazajuarez.mx\/historico\/el-campeon-de-la-formula-uno-listo-para-regresar-a-las-pistas\/","title":{"rendered":"EL CAMPE\u00d3N\u00a0 DE LA F\u00d3RMULA UNO,\u00a0 LISTO PARA REGRESAR A LAS PISTAS"},"content":{"rendered":"\n<p>El neerland\u00e9s Max Verstappen (Red Bull), que el curso pasado se convirti\u00f3, por tercer a\u00f1o seguido, en campe\u00f3n del mundo de F\u00f3rmula Uno, declar\u00f3, con miras a la primera prueba del Mundial, el Gran Premio de Bar\u00e9in, que se disputa esta semana en el circuito de Sakhir, que est\u00e1 &#8220;entusiasmado con el arranque de la temporada y con volver a correr&#8221;.<\/p>\n\n\n\n<p>&#8220;Ya tengo ganas de que llegue el fin de semana de Bar\u00e9in. Tuvimos un par de buenos d\u00edas de pruebas y aprendimos mucho del coche. Por supuesto que no queremos adelantar acontecimientos y tenemos que asegurarnos de que hacemos todo bien para tener un primer fin de semana fuerte&#8221;, coment\u00f3 &#8216;Mad Max&#8217;, de 26 a\u00f1os, que el a\u00f1o pasado bati\u00f3 innumerables r\u00e9cords, entre ellos el suyo propio de victorias en una misma temporada -que elev\u00f3 a 19-, y que ya suma un total de 54 en la F1. La tercera marca de todos los tiempos, que s\u00f3lo superan los dos heptacampeones: el alem\u00e1n Michael Schumacher -con 91- y el ingles Lewis Hamilton, plusmarquista hist\u00f3rico, con 103.<\/p>\n\n\n\n<p>&#8220;Todo el mundo ha dado muchas vueltas aqu\u00ed en Bar\u00e9in, as\u00ed que esperamos no encontrar demasiadas sorpresas en asunto de reglajes con miras a lo que viene esta semana. En cualquier caso, estoy ilusionado con el arranque de la temporada y con volver a correr de nuevo&#8221;, afirm\u00f3 el astro neerland\u00e9s, con miras a la primera carrera del a\u00f1o, que al igual que la segunda -la de Arabia Saud\u00ed- se disputar\u00e1 en s\u00e1bado y no en domingo, a causa del Ramad\u00e1n.<\/p>\n","protected":false},"excerpt":{"rendered":"<p>El neerland\u00e9s Max Verstappen (Red Bull), que el curso pasado se convirti\u00f3, por tercer a\u00f1o seguido, en campe\u00f3n del mundo de F\u00f3rmula Uno, declar\u00f3, con miras a la primera prueba del Mundial, el Gran Premio de Bar\u00e9in, que se disputa esta semana en el circuito de Sakhir, que est\u00e1 &#8220;entusiasmado con el arranque de la [&hellip;]<\/p>\n","protected":false},"author":80,"featured_media":299656,"comment_status":"closed","ping_status":"closed","sticky":false,"template":"","format":"standard","meta":{"footnotes":""},"categories":[39],"tags":[],"class_list":["post-299655","post","type-post","status-publish","format-standard","has-post-thumbnail","hentry","category-deportiva"],"_links":{"self":[{"href":"https:\/\/plazajuarez.mx\/historico\/wp-json\/wp\/v2\/posts\/299655","targetHints":{"allow":["GET"]}}],"collection":[{"href":"https:\/\/plazajuarez.mx\/historico\/wp-json\/wp\/v2\/posts"}],"about":[{"href":"https:\/\/plazajuarez.mx\/historico\/wp-json\/wp\/v2\/types\/post"}],"author":[{"embeddable":true,"href":"https:\/\/plazajuarez.mx\/historico\/wp-json\/wp\/v2\/users\/80"}],"replies":[{"embeddable":true,"href":"https:\/\/plazajuarez.mx\/historico\/wp-json\/wp\/v2\/comments?post=299655"}],"version-history":[{"count":0,"href":"https:\/\/plazajuarez.mx\/historico\/wp-json\/wp\/v2\/posts\/299655\/revisions"}],"wp:featuredmedia":[{"embeddable":true,"href":"https:\/\/plazajuarez.mx\/historico\/wp-json\/wp\/v2\/media\/299656"}],"wp:attachment":[{"href":"https:\/\/plazajuarez.mx\/historico\/wp-json\/wp\/v2\/media?parent=299655"}],"wp:term":[{"taxonomy":"category","embeddable":true,"href":"https:\/\/plazajuarez.mx\/historico\/wp-json\/wp\/v2\/categories?post=299655"},{"taxonomy":"post_tag","embeddable":true,"href":"https:\/\/plazajuarez.mx\/historico\/wp-json\/wp\/v2\/tags?post=299655"}],"curies":[{"name":"wp","href":"https:\/\/api.w.org\/{rel}","templated":true}]}}