{"id":299584,"date":"2024-02-26T13:00:16","date_gmt":"2024-02-26T19:00:16","guid":{"rendered":"https:\/\/plazajuarez.mx\/?p=299584"},"modified":"2024-02-26T13:00:18","modified_gmt":"2024-02-26T19:00:18","slug":"mana-revela-que-alejandro-sanz-interpretara-vivir-sin-aire-en-su-proximo-disco-de-duetos","status":"publish","type":"post","link":"https:\/\/plazajuarez.mx\/historico\/mana-revela-que-alejandro-sanz-interpretara-vivir-sin-aire-en-su-proximo-disco-de-duetos\/","title":{"rendered":"Man\u00e1 revela que Alejandro Sanz interpretar\u00e1 &#8216;Vivir sin Aire&#8217; en su pr\u00f3ximo disco de duetos"},"content":{"rendered":"\n<p>El grupo mexicano Man\u00e1 revel\u00f3 este lunes que el cantante y compositor espa\u00f1ol Alejandro Sanz formar\u00e1 parte de su disco de duetos, \u2018Noches de Cantina\u2019, que publicar\u00e1n pr\u00f3ximamente.<\/p>\n\n\n\n<p>En una rueda de prensa ofrecida en la previa de su regreso este martes al escenario del Festival Internacional de Vi\u00f1a del Mar, en la costa de Chile, el l\u00edder de la banda, Fher Olvera, explic\u00f3 que el artista madrile\u00f1o interpretar\u00e1 la m\u00edtica canci\u00f3n de la banda \u2018Vivir sin aire\u2019.<\/p>\n\n\n\n<p>&#8220;Naturalmente hay un disco que va a salir ya este a\u00f1o, que se llama \u2018Noches de Cantina\u2019, que son duetos, que la banda ha ido sacando muy lentamente, poco a poco con amigos latinos, a los que tambi\u00e9n les gustan las canciones de Man\u00e1 y hacemos versiones m\u00e1s como a la mexicana y es bonito o\u00edr a otros colegas cantando canciones de Man\u00e1&#8221;, explic\u00f3.<\/p>\n\n\n\n<p>&#8220;El \u00faltimo que estaba grabando, ya podemos decirlo as\u00ed, es Alejandro Sanz, con nosotros tambi\u00e9n, \u2018Vivir sin Aire\u2019. Y hay un mont\u00f3n que ustedes ya oyeron de Christian Nodal&#8221;, agreg\u00f3.<\/p>\n\n\n\n<p>El grupo anunci\u00f3, asimismo, que donar\u00e1 una parte de la recaudaci\u00f3n por sus conciertos en Chile a las v\u00edctimas de los mortales incendios que a principios de mes segaron la vida de 133 personas y destruyeron miles de casas y hect\u00e1reas de bosque en la regi\u00f3n de Valpara\u00edso, y en particular en la propia Vi\u00f1a del Mar.<\/p>\n\n\n\n<p>&#8220;Siempre hemos tenido tanta empat\u00eda con Chile, desde much\u00edsimos a\u00f1os, y nos sentimos cuando recibimos la noticia de los incendios, nos dio mucha tristeza. Nos sentimos acongojados. Inmediatamente hemos reaccionado para poder donar una parte de las ganancias&#8221;, explic\u00f3 su vocalista, Fher.<\/p>\n\n\n\n<p>El cantante aprovech\u00f3 para sacar la parte m\u00e1s comprometida de la banda, denunciar la crisis clim\u00e1tica, y animar a todos a defender el planeta.<\/p>\n\n\n\n<p>&#8220;Es como si la tierra tuviese calentura, a uno empieza a darle una calentura cuando sube (la) temperatura del cuerpo y empieza a tener diversas reacciones. Por un lado, estoy optimista de que vamos a salir de esto. \u00bfY este porque vamos a salir?, Porque cuando el agua nos llega a la nariz, entonces empezamos a patalear. Esto de querer salir es b\u00e1sicamente cambiar la forma en que estamos moviendo el mundo, dejar de quemar petr\u00f3leo&#8221;, afirm\u00f3.<\/p>\n\n\n\n<p>&#8220;Lo segundo, que venimos con una generaci\u00f3n nueva que s\u00ed se est\u00e1 dando cuenta y que no quiere heredar eso de nosotros, que fuimos incapaces de cambiarlo. La verdad hemos sido incapaces, somos en ese sentido, somos perdedores todos nosotros porque no hemos hecho nada para que nuestras futuras generaciones agarren un planeta&#8221;, se\u00f1al\u00f3.<\/p>\n\n\n\n<p>En lo musical, los mexicanos anunciaron un concierto potentisimo, con todos los decibelios del rock, un espect\u00e1culo de m\u00e1s de dos horas de guitarra rasposa y mel\u00f3dica, en especial en su presentaci\u00f3n de Santiago de Chile, ya que el festival de Vi\u00f1a del Mar acota el tiempo de concierto a 70 minutos.<\/p>\n\n\n\n<p>&#8220;Lo importante es que estamos aqu\u00ed, es nuestra quinta vez, amamos este festival. Nosotros dec\u00edamos que alg\u00fan d\u00eda tenemos que estar aqu\u00ed, imag\u00ednate, ya es la quinta vez y estamos muy agradecidos con Chile&#8221;, agreg\u00f3.<\/p>\n\n\n\n<p>Adem\u00e1s se disculparon de no haber podido actuar el pasado a\u00f1o, como estaba previsto, e insistieron en que se debi\u00f3 a problemas de rodilla de Fher, y no a cuestiones pol\u00edticas -como su reivindicaci\u00f3n de un pedazo de mar para Bolivia- como informaron algunos medios.<\/p>\n\n\n\n<p>La banda tambi\u00e9n se refiri\u00f3 al otro proyecto que tiene en mente, su nuevo \u00e1lbum de estudio, que se espera desde hace m\u00e1s de nueve a\u00f1os, y en el que dicen ya est\u00e1n trabajando.<\/p>\n\n\n\n<p>&#8220;Lo bueno es que viene un \u00e1lbum nuevo de estudio &#8230; no traemos prisa en hacerlo porque tenemos todav\u00eda una gira muy grande que hacer, pero est\u00e1n las ganas otra vez de componer, entrar al estudio, que hay mucho, mucho tema, tambi\u00e9n muchas cosas han pasado en el mundo que podemos poner las letras&#8221;, se\u00f1al\u00f3 Alex Gonz\u00e1lez, baterista de Man\u00e1.<\/p>\n\n\n\n<p>En este sentido, expresaron su felicidad por haber conseguido ser una banda transgeneracional, que une a padres e hijos en torno a su m\u00fasica, incluso en vivo, y critic\u00f3 que la violencia haya entrado en las letras de algunos m\u00fasicos ya que &#8220;si de por s\u00ed Latinoam\u00e9rica tiene muchos problemas de violencia, yo creo que no hay que ponerle m\u00e1s fuego a lo que ya est\u00e1 encendido, no?&#8221;<\/p>\n\n\n\n<p>&#8220;Yo creo que hay muchas cosas de que se pueden hablar, pero seguir hablando de m\u00e1s violencia y m\u00e1s violencia. Yo creo que tenemos que cambiarle y darle la vuelta y hablar de cosas m\u00e1s positivas, tratar de minimizar la violencia, minimizar la delincuencia, minimizar la pobreza, este poner m\u00e1s programas de m\u00fasica, de deporte&#8221;, concluy\u00f3.<\/p>\n","protected":false},"excerpt":{"rendered":"<p>El grupo mexicano Man\u00e1 revel\u00f3 este lunes que el cantante y compositor espa\u00f1ol Alejandro Sanz formar\u00e1 parte de su disco de duetos, \u2018Noches de Cantina\u2019, que publicar\u00e1n pr\u00f3ximamente. En una rueda de prensa ofrecida en la previa de su regreso este martes al escenario del Festival Internacional de Vi\u00f1a del Mar, en la costa de [&hellip;]<\/p>\n","protected":false},"author":80,"featured_media":299585,"comment_status":"closed","ping_status":"closed","sticky":false,"template":"","format":"standard","meta":{"footnotes":""},"categories":[38],"tags":[],"class_list":["post-299584","post","type-post","status-publish","format-standard","has-post-thumbnail","hentry","category-show"],"_links":{"self":[{"href":"https:\/\/plazajuarez.mx\/historico\/wp-json\/wp\/v2\/posts\/299584","targetHints":{"allow":["GET"]}}],"collection":[{"href":"https:\/\/plazajuarez.mx\/historico\/wp-json\/wp\/v2\/posts"}],"about":[{"href":"https:\/\/plazajuarez.mx\/historico\/wp-json\/wp\/v2\/types\/post"}],"author":[{"embeddable":true,"href":"https:\/\/plazajuarez.mx\/historico\/wp-json\/wp\/v2\/users\/80"}],"replies":[{"embeddable":true,"href":"https:\/\/plazajuarez.mx\/historico\/wp-json\/wp\/v2\/comments?post=299584"}],"version-history":[{"count":0,"href":"https:\/\/plazajuarez.mx\/historico\/wp-json\/wp\/v2\/posts\/299584\/revisions"}],"wp:featuredmedia":[{"embeddable":true,"href":"https:\/\/plazajuarez.mx\/historico\/wp-json\/wp\/v2\/media\/299585"}],"wp:attachment":[{"href":"https:\/\/plazajuarez.mx\/historico\/wp-json\/wp\/v2\/media?parent=299584"}],"wp:term":[{"taxonomy":"category","embeddable":true,"href":"https:\/\/plazajuarez.mx\/historico\/wp-json\/wp\/v2\/categories?post=299584"},{"taxonomy":"post_tag","embeddable":true,"href":"https:\/\/plazajuarez.mx\/historico\/wp-json\/wp\/v2\/tags?post=299584"}],"curies":[{"name":"wp","href":"https:\/\/api.w.org\/{rel}","templated":true}]}}