{"id":299581,"date":"2024-02-26T12:45:49","date_gmt":"2024-02-26T18:45:49","guid":{"rendered":"https:\/\/plazajuarez.mx\/?p=299581"},"modified":"2024-02-26T12:45:50","modified_gmt":"2024-02-26T18:45:50","slug":"sheinbaum-cierra-la-intercampana-en-mexico-con-amplia-ventaja-sobre-galvez-en-encuestas","status":"publish","type":"post","link":"https:\/\/plazajuarez.mx\/historico\/sheinbaum-cierra-la-intercampana-en-mexico-con-amplia-ventaja-sobre-galvez-en-encuestas\/","title":{"rendered":"Sheinbaum cierra la intercampa\u00f1a en M\u00e9xico con amplia ventaja sobre G\u00e1lvez en encuestas"},"content":{"rendered":"\n<p>La candidata oficialista a la presidencia de M\u00e9xico, Claudia Sheinbaum, cierra el periodo de intercampa\u00f1a como l\u00edder con 23 puntos de ventaja sobre su principal rival, la opositora X\u00f3chitl G\u00e1lvez, seg\u00fan el sondeo publicado este lunes por el peri\u00f3dico El Universal.<\/p>\n\n\n\n<p>La aspirante del gobernante Movimiento Regeneraci\u00f3n Nacional (Morena) llega al inicio oficial de las campa\u00f1as, este viernes, con el 59 % de los apoyos, por delante de G\u00e1lvez (36 %) y del candidato de Movimiento Ciudadano (MC), Jorge \u00c1lvarez M\u00e1ynez (5 %).<\/p>\n\n\n\n<p>En el sondeo, dos de cada tres personas encuestadas dicen tener una buena opini\u00f3n sobre el oficalista Morena; mientras que los partidos del frente opositor Fuerza y Coraz\u00f3n por M\u00e9xico, conformado por el Partido Acci\u00f3n Nacional (PAN), el Revolucionario Institucional (PRI) y el de la Revoluci\u00f3n Democr\u00e1tica (PRD), consiguen un 25 % de opiniones favorables.<\/p>\n\n\n\n<p>Aun as\u00ed, la precampa\u00f1a permiti\u00f3 a G\u00e1lvez ser m\u00e1s conocida entre la poblaci\u00f3n: un 65 % de las personas preguntadas dicen saber qui\u00e9n es, aunque El Universal destaca que esto no se traduce en una mejor opini\u00f3n de la candidata.<\/p>\n\n\n\n<p>&#8220;Las percepciones positivas sobre ella aumentaron tres puntos, en tanto las negativas aumentaron cuatro&#8221;, desgrana en un art\u00edculo. M\u00e1ynez, el tercero en liza y candidato de MC, registra un conocimiento del 13 %.<\/p>\n\n\n\n<p>La encuesta revela que un 17 % califica de positivas las noticias que recibi\u00f3 sobre G\u00e1lvez y, un 21 %, de negativas, entre las que destaca su reciente gira internacional que la llev\u00f3 al Vaticano y a Madrid (Espa\u00f1a).<\/p>\n\n\n\n<p>En cambio, la mayor\u00eda de personas encuestadas ven bien las noticias recibidas sobre Sheinbaum (42 %).<\/p>\n\n\n\n<p>Los comicios del 2 de junio ser\u00e1n los m\u00e1s grandes de la historia de M\u00e9xico, cuando m\u00e1s de 97 millones de ciudadanos est\u00e1n convocados a renovar 20.375 cargos federales, incluida la Presidencia de la Rep\u00fablica, los 500 esca\u00f1os de la C\u00e1mara de Diputados y los 128 del Senado, as\u00ed como nueve gobiernos estatales.<\/p>\n","protected":false},"excerpt":{"rendered":"<p>La candidata oficialista a la presidencia de M\u00e9xico, Claudia Sheinbaum, cierra el periodo de intercampa\u00f1a como l\u00edder con 23 puntos de ventaja sobre su principal rival, la opositora X\u00f3chitl G\u00e1lvez, seg\u00fan el sondeo publicado este lunes por el peri\u00f3dico El Universal. La aspirante del gobernante Movimiento Regeneraci\u00f3n Nacional (Morena) llega al inicio oficial de las [&hellip;]<\/p>\n","protected":false},"author":80,"featured_media":299582,"comment_status":"closed","ping_status":"closed","sticky":false,"template":"","format":"standard","meta":{"footnotes":""},"categories":[36],"tags":[],"class_list":["post-299581","post","type-post","status-publish","format-standard","has-post-thumbnail","hentry","category-nacion"],"_links":{"self":[{"href":"https:\/\/plazajuarez.mx\/historico\/wp-json\/wp\/v2\/posts\/299581","targetHints":{"allow":["GET"]}}],"collection":[{"href":"https:\/\/plazajuarez.mx\/historico\/wp-json\/wp\/v2\/posts"}],"about":[{"href":"https:\/\/plazajuarez.mx\/historico\/wp-json\/wp\/v2\/types\/post"}],"author":[{"embeddable":true,"href":"https:\/\/plazajuarez.mx\/historico\/wp-json\/wp\/v2\/users\/80"}],"replies":[{"embeddable":true,"href":"https:\/\/plazajuarez.mx\/historico\/wp-json\/wp\/v2\/comments?post=299581"}],"version-history":[{"count":0,"href":"https:\/\/plazajuarez.mx\/historico\/wp-json\/wp\/v2\/posts\/299581\/revisions"}],"wp:featuredmedia":[{"embeddable":true,"href":"https:\/\/plazajuarez.mx\/historico\/wp-json\/wp\/v2\/media\/299582"}],"wp:attachment":[{"href":"https:\/\/plazajuarez.mx\/historico\/wp-json\/wp\/v2\/media?parent=299581"}],"wp:term":[{"taxonomy":"category","embeddable":true,"href":"https:\/\/plazajuarez.mx\/historico\/wp-json\/wp\/v2\/categories?post=299581"},{"taxonomy":"post_tag","embeddable":true,"href":"https:\/\/plazajuarez.mx\/historico\/wp-json\/wp\/v2\/tags?post=299581"}],"curies":[{"name":"wp","href":"https:\/\/api.w.org\/{rel}","templated":true}]}}