{"id":299578,"date":"2024-02-26T12:44:43","date_gmt":"2024-02-26T18:44:43","guid":{"rendered":"https:\/\/plazajuarez.mx\/?p=299578"},"modified":"2024-02-26T12:44:45","modified_gmt":"2024-02-26T18:44:45","slug":"xochitl-galvez-comenzara-su-campana-presidencial-en-el-municipio-mas-inseguro-de-mexico","status":"publish","type":"post","link":"https:\/\/plazajuarez.mx\/historico\/xochitl-galvez-comenzara-su-campana-presidencial-en-el-municipio-mas-inseguro-de-mexico\/","title":{"rendered":"X\u00f3chitl G\u00e1lvez comenzar\u00e1 su campa\u00f1a presidencial en el municipio m\u00e1s inseguro de M\u00e9xico"},"content":{"rendered":"\n<p>La candidata presidencial de la oposici\u00f3n mexicana X\u00f3chitl G\u00e1lvez anunci\u00f3 este lunes que arrancar\u00e1 su campa\u00f1a presidencial, en la medianoche del 1 de marzo, en Fresnillo, municipio del estado de Zacatecas considerado el m\u00e1s inseguro del pa\u00eds.<\/p>\n\n\n\n<p>\u201cEs el municipio donde la gente tiene m\u00e1s miedo de todo el pa\u00eds, el 97 % de la gente que vive en Fresnillo siente miedo y vamos a arrancar ah\u00ed a las 12 de la noche mandando un gran mensaje de esperanza a todos los mexicanos de que va a terminar esta larga noche de violencia\u201d, se\u00f1al\u00f3 G\u00e1lvez en una rueda de prensa.<\/p>\n\n\n\n<p>Desde 2020, los 143.281 habitantes del norte\u00f1o municipio de Fresnillo consideran que la inseguridad es su principal sentimiento y, por ello, la candidata de los opositores Partidos Acci\u00f3n Nacional (PAN), Revolucionario Institucional (PRI) y de la Revoluci\u00f3n Democr\u00e1tica (PRD), decidi\u00f3 iniciar su campa\u00f1a en ese lugar.<\/p>\n\n\n\n<p>\u201c(Conclu\u00ed que) yo iba a arrancar en el municipio n\u00famero uno de percepci\u00f3n e inseguridad porque eso quiere decir que es el lugar donde la gente tiene m\u00e1s miedo\u201d, insisti\u00f3.<\/p>\n\n\n\n<p>Se\u00f1al\u00f3 que lo que busca es ir a darles \u201cesperanza\u201d a los pobladores, pues asever\u00f3 que va a enfrentar a los delincuentes y no va a abandonar a los ciudadanos a su suerte.<\/p>\n\n\n\n<p>\u201cConozco familias que han perdido a varios de sus miembros, sobre todo j\u00f3venes. En este gobierno (2018-2024) han asesinado a 60.000 j\u00f3venes, eso es inaceptable\u201d, refiri\u00f3.<\/p>\n\n\n\n<p>Con esta decisi\u00f3n, G\u00e1lvez se adelantar\u00e1 a la oficialista, Claudia Sheinbaum, quien ha anunciado que iniciar\u00e1 su campa\u00f1a con un mitin en el Z\u00f3calo de la Ciudad de M\u00e9xico a las 16:00 horas (22:00 GMT) del viernes 1 de marzo.<\/p>\n\n\n\n<p>M\u00e9xico tendr\u00e1 las elecciones m\u00e1s grandes de su historia el 2 de junio, cuando m\u00e1s de 97 millones de mexicanos est\u00e1n convocados a renovar 20.375 cargos federales, incluida la Presidencia de la Rep\u00fablica, los 500 esca\u00f1os de la C\u00e1mara de Diputados y los 128 del Senado, as\u00ed como nueve gobiernos estatales.<\/p>\n","protected":false},"excerpt":{"rendered":"<p>La candidata presidencial de la oposici\u00f3n mexicana X\u00f3chitl G\u00e1lvez anunci\u00f3 este lunes que arrancar\u00e1 su campa\u00f1a presidencial, en la medianoche del 1 de marzo, en Fresnillo, municipio del estado de Zacatecas considerado el m\u00e1s inseguro del pa\u00eds. \u201cEs el municipio donde la gente tiene m\u00e1s miedo de todo el pa\u00eds, el 97 % de la [&hellip;]<\/p>\n","protected":false},"author":80,"featured_media":299579,"comment_status":"closed","ping_status":"closed","sticky":false,"template":"","format":"standard","meta":{"footnotes":""},"categories":[36],"tags":[],"class_list":["post-299578","post","type-post","status-publish","format-standard","has-post-thumbnail","hentry","category-nacion"],"_links":{"self":[{"href":"https:\/\/plazajuarez.mx\/historico\/wp-json\/wp\/v2\/posts\/299578","targetHints":{"allow":["GET"]}}],"collection":[{"href":"https:\/\/plazajuarez.mx\/historico\/wp-json\/wp\/v2\/posts"}],"about":[{"href":"https:\/\/plazajuarez.mx\/historico\/wp-json\/wp\/v2\/types\/post"}],"author":[{"embeddable":true,"href":"https:\/\/plazajuarez.mx\/historico\/wp-json\/wp\/v2\/users\/80"}],"replies":[{"embeddable":true,"href":"https:\/\/plazajuarez.mx\/historico\/wp-json\/wp\/v2\/comments?post=299578"}],"version-history":[{"count":0,"href":"https:\/\/plazajuarez.mx\/historico\/wp-json\/wp\/v2\/posts\/299578\/revisions"}],"wp:featuredmedia":[{"embeddable":true,"href":"https:\/\/plazajuarez.mx\/historico\/wp-json\/wp\/v2\/media\/299579"}],"wp:attachment":[{"href":"https:\/\/plazajuarez.mx\/historico\/wp-json\/wp\/v2\/media?parent=299578"}],"wp:term":[{"taxonomy":"category","embeddable":true,"href":"https:\/\/plazajuarez.mx\/historico\/wp-json\/wp\/v2\/categories?post=299578"},{"taxonomy":"post_tag","embeddable":true,"href":"https:\/\/plazajuarez.mx\/historico\/wp-json\/wp\/v2\/tags?post=299578"}],"curies":[{"name":"wp","href":"https:\/\/api.w.org\/{rel}","templated":true}]}}