{"id":299567,"date":"2024-02-27T04:00:00","date_gmt":"2024-02-27T10:00:00","guid":{"rendered":"https:\/\/plazajuarez.mx\/?p=299567"},"modified":"2024-02-26T22:49:21","modified_gmt":"2024-02-27T04:49:21","slug":"trailero-ebrio-choca-y-lesiona-al-menos-a-6-en-la-pachuca-tulancingo","status":"publish","type":"post","link":"https:\/\/plazajuarez.mx\/historico\/trailero-ebrio-choca-y-lesiona-al-menos-a-6-en-la-pachuca-tulancingo\/","title":{"rendered":"Conductor de tr\u00e1iler ebrio, choca a autos;\u00a0seis lesionados en la Pachuca-Tulancingo"},"content":{"rendered":"\n<p>Quien iba al volante repentinamente perdi\u00f3 el control de la pesada unidad y embisti\u00f3 a varios autom\u00f3viles que circulaban por la carretera<\/p>\n\n\n\n<p>El conductor de un tr\u00e1iler que manejaba en estado de ebriedad, provoc\u00f3 un accidente en la regi\u00f3n de Tulancingo, lo que dej\u00f3 saldo de al menos seis lesionados y cuantiosas p\u00e9rdidas materiales, ello provoc\u00f3 una intensa movilizaci\u00f3n policiaca, de socorristas y param\u00e9dicos, que acudieron a tomar conocimiento y a brindar apoyo, respectivamente.<\/p>\n\n\n\n<p>La informaci\u00f3n detalla que el conductor del tr\u00e1iler, repentinamente perdi\u00f3 el control de la pesada unidad y embisti\u00f3 a varios autom\u00f3viles que circulaban por la carretera Pachuca-Tulancingo.<\/p>\n\n\n\n<p>Se sabe que el siniestro tuvo lugar sobre los carriles con direcci\u00f3n a Pachuca, a la altura de la comunidad de El Susto, dentro del municipio de Singuilucan, alrededor de las 21:00 horas de este domingo 25 de febrero.<\/p>\n\n\n\n<p>As\u00ed mismo, en el lugar de la carambola testigos dieron a conocer que el tracto cami\u00f3n se sali\u00f3 de la cinta asf\u00e1ltica, no sin antes impactar aparatosamente a los veh\u00edculos involucrados.<\/p>\n\n\n\n<p>Del hecho elementos de la Polic\u00eda Municipal de Singuilucan en su car\u00e1cter de primeros respondientes informaron que el conductor del tr\u00e1iler se encontraba en estado de ebriedad, por lo que decidieron realizar su inmediata detenci\u00f3n para posteriormente ponerlo a disposici\u00f3n de la autoridad, para las diligencias correspondientes.<\/p>\n\n\n\n<p>Tras el primer impacto con el tr\u00e1iler dos autom\u00f3viles modelo Chevy se estrellaron contra la fachada de una taquer\u00eda cercana, uno color negro, donde viajaban LJHO, GAHV, y IMHH; el otro Chevy, blanco, donde viajaba JAHM y JAAG.<\/p>\n\n\n\n<p>Adem\u00e1s, a su paso el tr\u00e1iler choc\u00f3 por alcance contra una camioneta marca Chevrolet de cabina y media color gris, deshaciendo su batea, donde viajaba MRGS; pero en su incontrolable trayectoria embisti\u00f3 a un auto Atos, donde viajaba AIG; y a un Nissan Tsuru, donde viajaba ADM.<\/p>\n\n\n\n<p>Tras el incidente, el operador del tr\u00e1iler intent\u00f3 darse a la fuga, pero fue detenido en la comunidad de Mat\u00edas Rodr\u00edguez, en el mismo municipio de Singuilucan, por elementos de la Guardia Nacional divisi\u00f3n Caminos.<\/p>\n\n\n\n<p>En la escena, los bomberos de Tulancingo y Singuilucan inspeccionaron el \u00e1rea para evitar mayores consecuencias.<\/p>\n\n\n\n<p>Param\u00e9dicos de la Cruz Roja local atendieron a lesionados que, aparentemente, no presentaban heridas graves, siendo trasladadas para recibir atenci\u00f3n m\u00e9dica especializada.<\/p>\n\n\n\n<p>Autoridades resguardaron la zona para facilitar las labores de los equipos de emergencia y prevenir riesgos adicionales.<\/p>\n\n\n\n<p>La vialidad comenz\u00f3 a reabrirse poco antes de la medianoche, una vez que culminaron las tareas de auxilio y descartado cualquier otro peligro.<\/p>\n","protected":false},"excerpt":{"rendered":"<p>Quien iba al volante repentinamente perdi\u00f3 el control de la pesada unidad y embisti\u00f3 a varios autom\u00f3viles que circulaban por la carretera El conductor de un tr\u00e1iler que manejaba en estado de ebriedad, provoc\u00f3 un accidente en la regi\u00f3n de Tulancingo, lo que dej\u00f3 saldo de al menos seis lesionados y cuantiosas p\u00e9rdidas materiales, ello [&hellip;]<\/p>\n","protected":false},"author":93,"featured_media":299568,"comment_status":"closed","ping_status":"closed","sticky":false,"template":"","format":"standard","meta":{"footnotes":""},"categories":[37,15],"tags":[],"class_list":["post-299567","post","type-post","status-publish","format-standard","has-post-thumbnail","hentry","category-barandilla","category-destacadas"],"_links":{"self":[{"href":"https:\/\/plazajuarez.mx\/historico\/wp-json\/wp\/v2\/posts\/299567","targetHints":{"allow":["GET"]}}],"collection":[{"href":"https:\/\/plazajuarez.mx\/historico\/wp-json\/wp\/v2\/posts"}],"about":[{"href":"https:\/\/plazajuarez.mx\/historico\/wp-json\/wp\/v2\/types\/post"}],"author":[{"embeddable":true,"href":"https:\/\/plazajuarez.mx\/historico\/wp-json\/wp\/v2\/users\/93"}],"replies":[{"embeddable":true,"href":"https:\/\/plazajuarez.mx\/historico\/wp-json\/wp\/v2\/comments?post=299567"}],"version-history":[{"count":0,"href":"https:\/\/plazajuarez.mx\/historico\/wp-json\/wp\/v2\/posts\/299567\/revisions"}],"wp:featuredmedia":[{"embeddable":true,"href":"https:\/\/plazajuarez.mx\/historico\/wp-json\/wp\/v2\/media\/299568"}],"wp:attachment":[{"href":"https:\/\/plazajuarez.mx\/historico\/wp-json\/wp\/v2\/media?parent=299567"}],"wp:term":[{"taxonomy":"category","embeddable":true,"href":"https:\/\/plazajuarez.mx\/historico\/wp-json\/wp\/v2\/categories?post=299567"},{"taxonomy":"post_tag","embeddable":true,"href":"https:\/\/plazajuarez.mx\/historico\/wp-json\/wp\/v2\/tags?post=299567"}],"curies":[{"name":"wp","href":"https:\/\/api.w.org\/{rel}","templated":true}]}}