{"id":299490,"date":"2024-02-26T05:00:00","date_gmt":"2024-02-26T11:00:00","guid":{"rendered":"https:\/\/plazajuarez.mx\/?p=299490"},"modified":"2024-02-25T23:19:04","modified_gmt":"2024-02-26T05:19:04","slug":"la-educacion-inversion-estrategica-para-alcanzar-el-desarrollo-social-inclusivo","status":"publish","type":"post","link":"https:\/\/plazajuarez.mx\/historico\/la-educacion-inversion-estrategica-para-alcanzar-el-desarrollo-social-inclusivo\/","title":{"rendered":"La educaci\u00f3n: inversi\u00f3n estrat\u00e9gica para alcanzar el desarrollo social inclusivo"},"content":{"rendered":"\n<h2 class=\"wp-block-heading\">IGUALDAD SUSTANTIVA, EMPODERAMIENTO EFECTIVO.<\/h2>\n\n\n\n<p>La publicaci\u00f3n \u201cEl desaf\u00edo de la sostenibilidad financiera de la educaci\u00f3n en Am\u00e9rica Latina y el Caribe\u201d de M. Huepe de la CEPAL de la ONU para la UNESCO 2024, destaca que invertir en educaci\u00f3n de manera sostenida no s\u00f3lo es urgente, dado el impacto de la pandemia en los sistemas educativos, sino que tambi\u00e9n es necesario para que la regi\u00f3n pueda salir de la trampa de desarrollo en la que se encuentra.&nbsp;<\/p>\n\n\n\n<p>Establece que junto con ser un derecho, la educaci\u00f3n es una inversi\u00f3n estrat\u00e9gica para alcanzar el desarrollo social inclusivo y avanzar en procesos de mayor productividad y crecimiento y, por tanto, es una pieza fundamental para la transformaci\u00f3n de los modelos de desarrollo de la regi\u00f3n por ser la educaci\u00f3n un bien p\u00fablico con importantes beneficios individuales y colectivos, en particular, en t\u00e9rminos de ingresos y acceso a empleos de calidad, y debido a su rol central en el camino hacia sociedades m\u00e1s democr\u00e1ticas y menos desiguales, y hacia modelos de desarrollo m\u00e1s inclusivos, productivos y ambientalmente sostenibles.<\/p>\n\n\n\n<p>Garantizar una educaci\u00f3n de calidad para todas y todos es una poderosa herramienta para disminuir la pobreza, aumentar la calidad de vida de la poblaci\u00f3n y disminuir las desigualdades econ\u00f3micas y sociales que caracterizan a Am\u00e9rica Latina y el Caribe.&nbsp;<\/p>\n\n\n\n<p>Los rendimientos econ\u00f3micos que devienen de mayores niveles educativos son considerables e implica que aumentar la inversi\u00f3n para asegurar un acceso m\u00e1s equitativo e inclusivo a los sistemas educativos ser\u00eda una manera efectiva de incrementar los ingresos de las personas con menor nivel socioecon\u00f3mico dada la correlaci\u00f3n negativa entre incidencia de la pobreza y la escolaridad promedio en distintos pa\u00edses de Am\u00e9rica Latina, demostrando en la regi\u00f3n, que los mayores niveles de escolaridad promedio est\u00e1n asociados a menores niveles de pobreza monetaria.<\/p>\n\n\n\n<p>Conjuntamente, la educaci\u00f3n promueve la disminuci\u00f3n de la desigualdad por medio de su impacto en la movilidad social y en la promoci\u00f3n del cambio cultural necesario para vivir en sociedades m\u00e1s cohesionadas. Por un lado, la educaci\u00f3n otorga la posibilidad de que ni\u00f1as, ni\u00f1os, adolescentes y j\u00f3venes provenientes de hogares con menores recursos puedan vivir mejor que sus padres o cuidadores.&nbsp;<\/p>\n\n\n\n<p>Al respecto, Costa-Ribeiro analiza la movilidad social entre distintas cohortes de nacimientos en Brasil, y encuentra que el nivel educativo es el principal mecanismo del aumento de la movilidad entre las personas nacidas entre 1951 y 1981. Los efectos de la educaci\u00f3n, plantea, est\u00e1n determinados por tres mecanismos: la expansi\u00f3n educativa, la igualdad de oportunidades educativas y los rendimientos de la educaci\u00f3n, destacando la necesidad de que la regi\u00f3n asegure una educaci\u00f3n de calidad y pertinente para todas y todos.&nbsp;<\/p>\n\n\n\n<p>Y, por otro lado, la OCDE encuentra que, al cuestionar comportamientos discriminatorios desde edades tempranas, la educaci\u00f3n desarrolla la tolerancia y apertura mental, y fortalece las redes de confianza y cooperaci\u00f3n entre individuos.<\/p>\n\n\n\n<p>Invertir en educaci\u00f3n es crucial para contribuir al fortalecimiento democr\u00e1tico de los pa\u00edses, por ejemplo, se encuentra que el porcentaje de personas que apoya a la democracia frente a cualquier otra forma de gobierno aumenta conforme aumentan los a\u00f1os de escolaridad promedio del pa\u00eds.<\/p>\n\n\n\n<p>Promover valores c\u00edvicos, una educaci\u00f3n de calidad que permita a los estudiantes pensar de manera independiente, puede desarrollar el pensamiento cr\u00edtico necesario, entre otras cosas, para combatir la desinformaci\u00f3n y el auge de las fake news, flagelos que contribuyen a la polarizaci\u00f3n pol\u00edtica de las sociedades y que debilitan sus instituciones y procesos electorales.<\/p>\n","protected":false},"excerpt":{"rendered":"<p>IGUALDAD SUSTANTIVA, EMPODERAMIENTO EFECTIVO. La publicaci\u00f3n \u201cEl desaf\u00edo de la sostenibilidad financiera de la educaci\u00f3n en Am\u00e9rica Latina y el Caribe\u201d de M. Huepe de la CEPAL de la ONU para la UNESCO 2024, destaca que invertir en educaci\u00f3n de manera sostenida no s\u00f3lo es urgente, dado el impacto de la pandemia en los sistemas [&hellip;]<\/p>\n","protected":false},"author":104,"featured_media":297911,"comment_status":"closed","ping_status":"closed","sticky":false,"template":"","format":"standard","meta":{"footnotes":""},"categories":[42],"tags":[],"class_list":["post-299490","post","type-post","status-publish","format-standard","has-post-thumbnail","hentry","category-nuestrapalabra"],"_links":{"self":[{"href":"https:\/\/plazajuarez.mx\/historico\/wp-json\/wp\/v2\/posts\/299490","targetHints":{"allow":["GET"]}}],"collection":[{"href":"https:\/\/plazajuarez.mx\/historico\/wp-json\/wp\/v2\/posts"}],"about":[{"href":"https:\/\/plazajuarez.mx\/historico\/wp-json\/wp\/v2\/types\/post"}],"author":[{"embeddable":true,"href":"https:\/\/plazajuarez.mx\/historico\/wp-json\/wp\/v2\/users\/104"}],"replies":[{"embeddable":true,"href":"https:\/\/plazajuarez.mx\/historico\/wp-json\/wp\/v2\/comments?post=299490"}],"version-history":[{"count":0,"href":"https:\/\/plazajuarez.mx\/historico\/wp-json\/wp\/v2\/posts\/299490\/revisions"}],"wp:featuredmedia":[{"embeddable":true,"href":"https:\/\/plazajuarez.mx\/historico\/wp-json\/wp\/v2\/media\/297911"}],"wp:attachment":[{"href":"https:\/\/plazajuarez.mx\/historico\/wp-json\/wp\/v2\/media?parent=299490"}],"wp:term":[{"taxonomy":"category","embeddable":true,"href":"https:\/\/plazajuarez.mx\/historico\/wp-json\/wp\/v2\/categories?post=299490"},{"taxonomy":"post_tag","embeddable":true,"href":"https:\/\/plazajuarez.mx\/historico\/wp-json\/wp\/v2\/tags?post=299490"}],"curies":[{"name":"wp","href":"https:\/\/api.w.org\/{rel}","templated":true}]}}