{"id":299341,"date":"2024-02-24T08:06:58","date_gmt":"2024-02-24T14:06:58","guid":{"rendered":"https:\/\/plazajuarez.mx\/?p=299341"},"modified":"2024-02-24T08:07:00","modified_gmt":"2024-02-24T14:07:00","slug":"los-detuvieron-por-portar-un-arma-de-fuego-y-droga","status":"publish","type":"post","link":"https:\/\/plazajuarez.mx\/historico\/los-detuvieron-por-portar-un-arma-de-fuego-y-droga\/","title":{"rendered":"Los detuvieron por portar\u00a0un arma de fuego y droga"},"content":{"rendered":"\n<p>Elementos de la Secretar\u00eda de Seguridad P\u00fablica, Tr\u00e1nsito y Vialidad de Pachuca detuvieron a dos hombres en la colonia Aquiles Serd\u00e1n por portaci\u00f3n de arma de fuego y presunta droga.<\/p>\n\n\n\n<p>Vecinos de la colonia Aquiles Serd\u00e1n solicitaron apoyo a oficiales que se encontraban en recorrido, ya que se presentaba un conflicto con los tripulantes de un veh\u00edculo.<\/p>\n\n\n\n<p>Los elementos de seguridad al hacer la revisi\u00f3n del veh\u00edculo en el que viajaban los hombres se\u00f1alados localizaron un arma de fuego abastecida con cuatro cartuchos; cinco bolsas tipo ziploc con hierba verde y seca, y cinco bolsas tipo ziploc con polvo blanco granulado.<\/p>\n\n\n\n<p>Por tal motivo fueron detenidos quienes dijeron llamarse C. O. B. de 32 a\u00f1os y G. T. P. de 31 a\u00f1os de edad y fueron puestos a disposici\u00f3n de las autoridades correspondientes junto con el arma y la presunta droga.<\/p>\n\n\n\n<p>La Secretar\u00eda de Seguridad P\u00fablica, Tr\u00e1nsito y Vialidad de Pachuca reitera el llamado a la ciudadan\u00eda para contribuir con sus denuncias y reportes mediante el n\u00famero directo del C4 7717110707, 9-1-1 de Emergencias y\/o 089 para Denuncia An\u00f3nima.<\/p>\n","protected":false},"excerpt":{"rendered":"<p>Elementos de la Secretar\u00eda de Seguridad P\u00fablica, Tr\u00e1nsito y Vialidad de Pachuca detuvieron a dos hombres en la colonia Aquiles Serd\u00e1n por portaci\u00f3n de arma de fuego y presunta droga. Vecinos de la colonia Aquiles Serd\u00e1n solicitaron apoyo a oficiales que se encontraban en recorrido, ya que se presentaba un conflicto con los tripulantes de [&hellip;]<\/p>\n","protected":false},"author":93,"featured_media":299342,"comment_status":"closed","ping_status":"closed","sticky":false,"template":"","format":"standard","meta":{"footnotes":""},"categories":[37],"tags":[],"class_list":["post-299341","post","type-post","status-publish","format-standard","has-post-thumbnail","hentry","category-barandilla"],"_links":{"self":[{"href":"https:\/\/plazajuarez.mx\/historico\/wp-json\/wp\/v2\/posts\/299341","targetHints":{"allow":["GET"]}}],"collection":[{"href":"https:\/\/plazajuarez.mx\/historico\/wp-json\/wp\/v2\/posts"}],"about":[{"href":"https:\/\/plazajuarez.mx\/historico\/wp-json\/wp\/v2\/types\/post"}],"author":[{"embeddable":true,"href":"https:\/\/plazajuarez.mx\/historico\/wp-json\/wp\/v2\/users\/93"}],"replies":[{"embeddable":true,"href":"https:\/\/plazajuarez.mx\/historico\/wp-json\/wp\/v2\/comments?post=299341"}],"version-history":[{"count":0,"href":"https:\/\/plazajuarez.mx\/historico\/wp-json\/wp\/v2\/posts\/299341\/revisions"}],"wp:featuredmedia":[{"embeddable":true,"href":"https:\/\/plazajuarez.mx\/historico\/wp-json\/wp\/v2\/media\/299342"}],"wp:attachment":[{"href":"https:\/\/plazajuarez.mx\/historico\/wp-json\/wp\/v2\/media?parent=299341"}],"wp:term":[{"taxonomy":"category","embeddable":true,"href":"https:\/\/plazajuarez.mx\/historico\/wp-json\/wp\/v2\/categories?post=299341"},{"taxonomy":"post_tag","embeddable":true,"href":"https:\/\/plazajuarez.mx\/historico\/wp-json\/wp\/v2\/tags?post=299341"}],"curies":[{"name":"wp","href":"https:\/\/api.w.org\/{rel}","templated":true}]}}