{"id":299228,"date":"2024-02-23T01:18:56","date_gmt":"2024-02-23T07:18:56","guid":{"rendered":"https:\/\/plazajuarez.mx\/?p=299228"},"modified":"2024-02-23T01:18:59","modified_gmt":"2024-02-23T07:18:59","slug":"alonso-no-es-facil-de-entender-que-haya-tan-poco-tiempo-para-entrenar-antes-del-mundial","status":"publish","type":"post","link":"https:\/\/plazajuarez.mx\/historico\/alonso-no-es-facil-de-entender-que-haya-tan-poco-tiempo-para-entrenar-antes-del-mundial\/","title":{"rendered":"Alonso: No es f\u00e1cil de entender que haya tan poco tiempo para entrenar antes del Mundial"},"content":{"rendered":"\n<p>El espa\u00f1ol Fernando Alonso (Aston Martin), doble campe\u00f3n mundial de F\u00f3rmula Uno, que este jueves marc\u00f3 el duod\u00e9cimo tiempo de la segunda de las tres jornadas de pruebas de pretemporada que tienen lugar en el circuito de Sakhir -donde dentro de dos fines de semana arrancar\u00e1 el Mundial, con la disputa del Gran Premio de Bar\u00e9in-, declar\u00f3 que &#8220;no es f\u00e1cil de entender que&#8221; tengan &#8220;tan poco tiempo para entrenar antes de un campeonato&#8221;.<\/p>\n\n\n\n<p>Alonso, que logr\u00f3 tres de sus 32 victorias en Sakhir, rod\u00f3 en la sesi\u00f3n matinal, que fue interrumpida con bandera roja al saltar la tapa de una alcantarilla al paso del Mercedes del s\u00e9ptuple campe\u00f3n mundial ingl\u00e9s Lewis Hamilton, en una zona previa a la und\u00e9cima curva que hubo de ser reparada. Motivo por el que la sesi\u00f3n fue definitivamente cancelada a falta de m\u00e1s de una hora, provocando el enfado del doble campe\u00f3n mundial asturiano, que ya se hab\u00eda quejado durante la presentaci\u00f3n del AMR24 de que s\u00f3lo pudieran tener &#8220;d\u00eda y medio de pruebas por piloto&#8221; y de que, adem\u00e1s s\u00f3lo se ruede, en los test de pretemporada &#8220;con un solo coche, en lugar de con dos&#8221;.<\/p>\n\n\n\n<p>El doble campe\u00f3n mundial asturiano, de 42 a\u00f1os, que caus\u00f3 la gran sensaci\u00f3n de la pasada temporada al subir ocho veces al podio en su primer a\u00f1o con Aston Martin -elevando a 106 su relaci\u00f3n de &#8216;cajones&#8217; en la categor\u00eda reina- no quiso afirmar si su nuevo coche ha dado o no un paso adelante con miras al pr\u00f3ximo Mundial, que arranca el pr\u00f3ximo fin de semana en el circuito en el que se est\u00e1n efectuando las pruebas de pretemporada.<\/p>\n\n\n\n<p>&#8220;Es dif\u00edcil de decir, son s\u00f3lo test y no tenemos ni idea de lo que hacen los dem\u00e1s. Nuestro programa est\u00e1 en cambio constante seg\u00fan el tiempo disponible, porque no es f\u00e1cil de entender que tengamos tan poco tiempo para entrenar antes de un campeonato. Es como si en el f\u00fatbol o el tenis cambias la pelota, la raqueta, y los deportistas no lo pueden probar. Es el deporte m\u00e1s sofisticado, parece un poco rid\u00edculo\u201d, manifest\u00f3 Alonso al ser preguntado por el diario As este jueves en la rueda de prensa oficial de la FIA (Federaci\u00f3n Internacional del Autom\u00f3vil) que tuvo lugar en Sakhir.<\/p>\n","protected":false},"excerpt":{"rendered":"<p>El espa\u00f1ol Fernando Alonso (Aston Martin), doble campe\u00f3n mundial de F\u00f3rmula Uno, que este jueves marc\u00f3 el duod\u00e9cimo tiempo de la segunda de las tres jornadas de pruebas de pretemporada que tienen lugar en el circuito de Sakhir -donde dentro de dos fines de semana arrancar\u00e1 el Mundial, con la disputa del Gran Premio de [&hellip;]<\/p>\n","protected":false},"author":80,"featured_media":299229,"comment_status":"closed","ping_status":"closed","sticky":false,"template":"","format":"standard","meta":{"footnotes":""},"categories":[39],"tags":[],"class_list":["post-299228","post","type-post","status-publish","format-standard","has-post-thumbnail","hentry","category-deportiva"],"_links":{"self":[{"href":"https:\/\/plazajuarez.mx\/historico\/wp-json\/wp\/v2\/posts\/299228","targetHints":{"allow":["GET"]}}],"collection":[{"href":"https:\/\/plazajuarez.mx\/historico\/wp-json\/wp\/v2\/posts"}],"about":[{"href":"https:\/\/plazajuarez.mx\/historico\/wp-json\/wp\/v2\/types\/post"}],"author":[{"embeddable":true,"href":"https:\/\/plazajuarez.mx\/historico\/wp-json\/wp\/v2\/users\/80"}],"replies":[{"embeddable":true,"href":"https:\/\/plazajuarez.mx\/historico\/wp-json\/wp\/v2\/comments?post=299228"}],"version-history":[{"count":0,"href":"https:\/\/plazajuarez.mx\/historico\/wp-json\/wp\/v2\/posts\/299228\/revisions"}],"wp:featuredmedia":[{"embeddable":true,"href":"https:\/\/plazajuarez.mx\/historico\/wp-json\/wp\/v2\/media\/299229"}],"wp:attachment":[{"href":"https:\/\/plazajuarez.mx\/historico\/wp-json\/wp\/v2\/media?parent=299228"}],"wp:term":[{"taxonomy":"category","embeddable":true,"href":"https:\/\/plazajuarez.mx\/historico\/wp-json\/wp\/v2\/categories?post=299228"},{"taxonomy":"post_tag","embeddable":true,"href":"https:\/\/plazajuarez.mx\/historico\/wp-json\/wp\/v2\/tags?post=299228"}],"curies":[{"name":"wp","href":"https:\/\/api.w.org\/{rel}","templated":true}]}}