{"id":299090,"date":"2024-02-22T01:35:11","date_gmt":"2024-02-22T07:35:11","guid":{"rendered":"https:\/\/plazajuarez.mx\/?p=299090"},"modified":"2024-02-22T01:35:14","modified_gmt":"2024-02-22T07:35:14","slug":"inhife-resolvera-necesidades-en-primaria-de-chapulhuacan","status":"publish","type":"post","link":"https:\/\/plazajuarez.mx\/historico\/inhife-resolvera-necesidades-en-primaria-de-chapulhuacan\/","title":{"rendered":"INHIFE resolver\u00e1 necesidades en primaria de Chapulhuac\u00e1n\u00a0"},"content":{"rendered":"\n<p>CHAPULHUAC\u00c1N.- Padres de familia de la primaria Francisco Gonz\u00e1lez Bocanegra, bloquearon por varias horas la carretera M\u00e9xico-Laredo, a la altura de la comunidad de Santa Ana de Allende, para protestar por las malas condiciones de infraestructura de esta instituci\u00f3n educativa.\u00a0<\/p>\n\n\n\n<p>Adem\u00e1s de las aulas en mal estado, una de ella corre el riesgo de colapsarse, asimismo un muro de contenci\u00f3n, entre otros da\u00f1os que presenta la primaria.&nbsp;<\/p>\n\n\n\n<p>Luego de varias horas de cierre carretero, se logr\u00f3 una reuni\u00f3n con funcionarios de este instituto, con quienes adem\u00e1s de un recorrido por el plantel, se lograron acuerdos para atender las demandas de los padres de familia.&nbsp;<\/p>\n\n\n\n<p>Acordaron, no solo darle continuidad a la revisi\u00f3n, sino que una vez que concluya la evaluaci\u00f3n, se destinar\u00e1n los recursos para resolver las necesidades de esta primaria y que no represente ning\u00fan riesgo para los menores.&nbsp;<\/p>\n\n\n\n<p>Luego del cierre carretero, los pobladores ofrecieron disculpas a la poblaci\u00f3n afectada, principalmente quienes se dirig\u00edan a la zona serrana y otros estados, entre ellos el de San Luis Potos\u00ed, que quedaron varados por varias horas sobre la carretera, debido a la falta de v\u00edas alternas.&nbsp;<\/p>\n","protected":false},"excerpt":{"rendered":"<p>CHAPULHUAC\u00c1N.- Padres de familia de la primaria Francisco Gonz\u00e1lez Bocanegra, bloquearon por varias horas la carretera M\u00e9xico-Laredo, a la altura de la comunidad de Santa Ana de Allende, para protestar por las malas condiciones de infraestructura de esta instituci\u00f3n educativa.\u00a0 Adem\u00e1s de las aulas en mal estado, una de ella corre el riesgo de colapsarse, [&hellip;]<\/p>\n","protected":false},"author":75,"featured_media":299091,"comment_status":"closed","ping_status":"closed","sticky":false,"template":"","format":"standard","meta":{"footnotes":""},"categories":[40],"tags":[],"class_list":["post-299090","post","type-post","status-publish","format-standard","has-post-thumbnail","hentry","category-region"],"_links":{"self":[{"href":"https:\/\/plazajuarez.mx\/historico\/wp-json\/wp\/v2\/posts\/299090","targetHints":{"allow":["GET"]}}],"collection":[{"href":"https:\/\/plazajuarez.mx\/historico\/wp-json\/wp\/v2\/posts"}],"about":[{"href":"https:\/\/plazajuarez.mx\/historico\/wp-json\/wp\/v2\/types\/post"}],"author":[{"embeddable":true,"href":"https:\/\/plazajuarez.mx\/historico\/wp-json\/wp\/v2\/users\/75"}],"replies":[{"embeddable":true,"href":"https:\/\/plazajuarez.mx\/historico\/wp-json\/wp\/v2\/comments?post=299090"}],"version-history":[{"count":0,"href":"https:\/\/plazajuarez.mx\/historico\/wp-json\/wp\/v2\/posts\/299090\/revisions"}],"wp:featuredmedia":[{"embeddable":true,"href":"https:\/\/plazajuarez.mx\/historico\/wp-json\/wp\/v2\/media\/299091"}],"wp:attachment":[{"href":"https:\/\/plazajuarez.mx\/historico\/wp-json\/wp\/v2\/media?parent=299090"}],"wp:term":[{"taxonomy":"category","embeddable":true,"href":"https:\/\/plazajuarez.mx\/historico\/wp-json\/wp\/v2\/categories?post=299090"},{"taxonomy":"post_tag","embeddable":true,"href":"https:\/\/plazajuarez.mx\/historico\/wp-json\/wp\/v2\/tags?post=299090"}],"curies":[{"name":"wp","href":"https:\/\/api.w.org\/{rel}","templated":true}]}}