{"id":299046,"date":"2024-02-22T05:00:00","date_gmt":"2024-02-22T11:00:00","guid":{"rendered":"https:\/\/plazajuarez.mx\/?p=299046"},"modified":"2024-02-22T00:19:18","modified_gmt":"2024-02-22T06:19:18","slug":"dese-por-enterado-1253","status":"publish","type":"post","link":"https:\/\/plazajuarez.mx\/historico\/dese-por-enterado-1253\/","title":{"rendered":"DESE POR ENTERADO"},"content":{"rendered":"\n<p><strong>\u00bfSER\u00c1? FAYAD TENDR\u00c1 QUE RESPONDER POR CUENTA P\u00daBLICA 2022<\/strong>. \u2013 El gobernador, <strong>Julio Menchaca Salazar<\/strong>, fue claro: ex funcionarios deber\u00e1n responder por la cuenta p\u00fablica 2022, y justificar los m\u00e1s de 981 millones de pesos no solventados. Es decir que, por simple l\u00f3gica, y porque un mandatario estatal es, al final de cuentas, el responsable de lo que hagan sus subalternos, que conste, responsable, no culpable, el ex gobernador, <strong>Omar Fayad Meneses<\/strong>, actual embajador en Noruega, deber\u00eda ser llamado para explicar qu\u00e9 pas\u00f3: si supo, por qu\u00e9 no hizo nada, y si no supo, pues por qu\u00e9 no supo. Veremos.<\/p>\n\n\n\n<figure class=\"wp-block-image size-full\"><img loading=\"lazy\" decoding=\"async\" width=\"1024\" height=\"923\" src=\"https:\/\/plazajuarez.mx\/historico\/historico\/wp-content\/uploads\/2024\/02\/\u00bfSERA_-FAYAD-TENDRA-QUE-RESPONDER-POR-CUENTA-ESPECIAL.jpg\" alt=\"\" class=\"wp-image-299047\" srcset=\"https:\/\/plazajuarez.mx\/historico\/wp-content\/uploads\/2024\/02\/\u00bfSERA_-FAYAD-TENDRA-QUE-RESPONDER-POR-CUENTA-ESPECIAL.jpg 1024w, https:\/\/plazajuarez.mx\/historico\/wp-content\/uploads\/2024\/02\/\u00bfSERA_-FAYAD-TENDRA-QUE-RESPONDER-POR-CUENTA-ESPECIAL-768x692.jpg 768w\" sizes=\"auto, (max-width: 1024px) 100vw, 1024px\" \/><\/figure>\n\n\n\n<p>Foto: Cortes\u00eda<\/p>\n\n\n\n<p><strong>TIZAYUCA, UN DESASTRE; ALCALDESA GAN\u00d3 LA T\u00d3MBOLA<\/strong>. \u2013 El asalto con una mujer herida, registrado el d\u00eda de ayer en una est\u00e9tica de Tizayuca, es una muestra m\u00e1s del clima de inseguridad que vive el municipio que es entrada a la entidad para quienes vienen del Valle de M\u00e9xico. Entrada, por desgracia, tambi\u00e9n para estos delincuentes, <strong>ante la incapacidad absoluta de la presidenta municipal, Susana \u00c1ngeles, para lograr coordinar su polic\u00eda con la estatal, fruto de su desinter\u00e9s en esos asuntos, y su preocupaci\u00f3n absoluta en buscar, a toda costa, ser nominada por Morena a una diputaci\u00f3n federal, lo que finalmente logr\u00f3 porque es bien suertuda.<\/strong> No, en definitiva, la preparaci\u00f3n acad\u00e9mica no es ninguna garant\u00eda para el trabajo de tierra como presidenta municipal, y menos vacuna contra el ansia de poder. Pero como dijo el cl\u00e1sico: \u201chaiga sido como haiga sido, ya soy candidata\u201d. Por cierto, su intento por imponer heredero o heredera, fue un fracaso, igual que en Mineral de la Reforma con otro igual que ella.<\/p>\n\n\n\n<figure class=\"wp-block-image size-full\"><img loading=\"lazy\" decoding=\"async\" width=\"1032\" height=\"1032\" src=\"https:\/\/plazajuarez.mx\/historico\/historico\/wp-content\/uploads\/2024\/02\/TIZAYUCA-UN-DESASTRE-ALCALDESA-GANO-LA-TOMBOLA-Facebook-Susana-Angeles-.jpeg\" alt=\"\" class=\"wp-image-299048\" srcset=\"https:\/\/plazajuarez.mx\/historico\/wp-content\/uploads\/2024\/02\/TIZAYUCA-UN-DESASTRE-ALCALDESA-GANO-LA-TOMBOLA-Facebook-Susana-Angeles-.jpeg 1032w, https:\/\/plazajuarez.mx\/historico\/wp-content\/uploads\/2024\/02\/TIZAYUCA-UN-DESASTRE-ALCALDESA-GANO-LA-TOMBOLA-Facebook-Susana-Angeles--768x768.jpeg 768w, https:\/\/plazajuarez.mx\/historico\/wp-content\/uploads\/2024\/02\/TIZAYUCA-UN-DESASTRE-ALCALDESA-GANO-LA-TOMBOLA-Facebook-Susana-Angeles--36x36.jpeg 36w\" sizes=\"auto, (max-width: 1032px) 100vw, 1032px\" \/><\/figure>\n\n\n\n<p>Foto: Facebook Susana \u00c1ngeles<\/p>\n\n\n\n<p><strong>MIGUEL TELLO, OTRO FUNCIONARIO QUE SE VA.<\/strong> \u2013 Suertudo tambi\u00e9n en asuntos de t\u00f3mbola, <strong>Miguel Tello Vargas<\/strong>, titular de la Unidad de Planeaci\u00f3n y Prospectiva del gobierno de Hidalgo, es otro que ya prepara maletas para partir. Conocido a partir del cargo al que fue designado por el <strong>gobernador Menchaca<\/strong>, hasta antes se desempe\u00f1aba como director de marketing y negocios del restaurante Madero, socio de negocios de la Productora Agr\u00edcola Neek. Curs\u00f3 un micro m\u00e1ster en Ciencias en el Instituto Tecnol\u00f3gico de Massachusetts, y una Maestr\u00eda en Administraci\u00f3n de Negocios por el ITAM. <strong>Ser\u00e1, legislador federal, y sin duda una carta fuerte de la actual administraci\u00f3n estatal, a diferencia de Susana \u00c1ngeles, siempre cercana al Grupo Universidad.<\/strong><\/p>\n\n\n\n<figure class=\"wp-block-image size-full\"><img loading=\"lazy\" decoding=\"async\" width=\"1600\" height=\"898\" src=\"https:\/\/plazajuarez.mx\/historico\/historico\/wp-content\/uploads\/2024\/02\/MIGUEL-TELLO-OTRO-FUNCIONARIO-QUE-SE-VA-Facebook-Unidad-de-Planeacion-y-Prospectiva-Hidalgo.jpeg\" alt=\"\" class=\"wp-image-299049\" srcset=\"https:\/\/plazajuarez.mx\/historico\/wp-content\/uploads\/2024\/02\/MIGUEL-TELLO-OTRO-FUNCIONARIO-QUE-SE-VA-Facebook-Unidad-de-Planeacion-y-Prospectiva-Hidalgo.jpeg 1600w, https:\/\/plazajuarez.mx\/historico\/wp-content\/uploads\/2024\/02\/MIGUEL-TELLO-OTRO-FUNCIONARIO-QUE-SE-VA-Facebook-Unidad-de-Planeacion-y-Prospectiva-Hidalgo-768x431.jpeg 768w, https:\/\/plazajuarez.mx\/historico\/wp-content\/uploads\/2024\/02\/MIGUEL-TELLO-OTRO-FUNCIONARIO-QUE-SE-VA-Facebook-Unidad-de-Planeacion-y-Prospectiva-Hidalgo-1536x862.jpeg 1536w\" sizes=\"auto, (max-width: 1600px) 100vw, 1600px\" \/><\/figure>\n\n\n\n<p>Foto: Facebook Unidad de Planeaci\u00f3n y Prospectiva Hidalgo <\/p>\n\n\n\n<p><strong>MURILLO, SU HIJA PIDE SIGA SU PROCESO EN LIBERTAD<\/strong>. \u2013 Gabriela Murillo, hija del ex gobernador, <strong>Jes\u00fas Murillo Karam<\/strong>, pidi\u00f3 que, ante el patente deterioro en la salud de su padre, le sea concedido seguir su proceso en libertad, es decir en su casa. Y no, ninguno de los pol\u00edticos, a los que no solo apoy\u00f3, sino gui\u00f3 en el ejercicio de la pol\u00edtica, ha levantado la voz ante un proceso viciado de origen, sin sustento, y m\u00e1s ligado a la urgencia por presentar un chivo expiatorio a la incapacidad para dar una respuesta cierta a los padres de los 27 de Ayotzinapa. <strong>Pocas veces hemos sido testigos de tanta cobard\u00eda, deslealtad y miseria humana, como la que han mostrado personajes de todos conocidos, que no han dicho esta boca es m\u00eda, para externar su solidaridad con alguien que lo fue con ellos. La realidad de la pol\u00edtica.<\/strong><\/p>\n\n\n\n<figure class=\"wp-block-image size-full\"><img loading=\"lazy\" decoding=\"async\" width=\"775\" height=\"627\" src=\"https:\/\/plazajuarez.mx\/historico\/historico\/wp-content\/uploads\/2024\/02\/MURILLO-SU-HIJA-PIDE-SIGA-SU-PROCESO-EN-LIBERTAD-Captura-de-pantalla.png\" alt=\"\" class=\"wp-image-299050\" srcset=\"https:\/\/plazajuarez.mx\/historico\/wp-content\/uploads\/2024\/02\/MURILLO-SU-HIJA-PIDE-SIGA-SU-PROCESO-EN-LIBERTAD-Captura-de-pantalla.png 775w, https:\/\/plazajuarez.mx\/historico\/wp-content\/uploads\/2024\/02\/MURILLO-SU-HIJA-PIDE-SIGA-SU-PROCESO-EN-LIBERTAD-Captura-de-pantalla-768x621.png 768w\" sizes=\"auto, (max-width: 775px) 100vw, 775px\" \/><\/figure>\n\n\n\n<p>Foto: Captura de Pantalla<\/p>\n\n\n\n<p><strong>Aviso para que no digan: Esta columna se nutre de comentarios recabados por agencias del Recontra-Espionaje, muy similares a las que populariz\u00f3 el \u201cS\u00faper Agente 86\u201d en sus tiempos. Como tal lo que publicamos puede que sea cierto, puede que no, o todo lo contrario. Est\u00e1 usted en libertad de creer o no lo que lee, recontra-enojarse, recontra- carcajearse y hasta recontra-recordarnos a nuestra jefecita (nosotros recontra-haremos lo propio). Avisado est\u00e1 usted.<\/strong><\/p>\n\n\n\n<p><strong>Correo: desexenterado@gmail.com&nbsp;&nbsp;<\/strong><\/p>\n\n\n\n<p><strong>X: @desexenterado<\/strong><\/p>\n","protected":false},"excerpt":{"rendered":"<p>\u00bfSER\u00c1? FAYAD TENDR\u00c1 QUE RESPONDER POR CUENTA P\u00daBLICA 2022. \u2013 El gobernador, Julio Menchaca Salazar, fue claro: ex funcionarios deber\u00e1n responder por la cuenta p\u00fablica 2022, y justificar los m\u00e1s de 981 millones de pesos no solventados. Es decir que, por simple l\u00f3gica, y porque un mandatario estatal es, al final de cuentas, el responsable [&hellip;]<\/p>\n","protected":false},"author":93,"featured_media":297918,"comment_status":"closed","ping_status":"closed","sticky":false,"template":"","format":"standard","meta":{"footnotes":""},"categories":[83],"tags":[],"class_list":["post-299046","post","type-post","status-publish","format-standard","has-post-thumbnail","hentry","category-dese-por-enterado"],"_links":{"self":[{"href":"https:\/\/plazajuarez.mx\/historico\/wp-json\/wp\/v2\/posts\/299046","targetHints":{"allow":["GET"]}}],"collection":[{"href":"https:\/\/plazajuarez.mx\/historico\/wp-json\/wp\/v2\/posts"}],"about":[{"href":"https:\/\/plazajuarez.mx\/historico\/wp-json\/wp\/v2\/types\/post"}],"author":[{"embeddable":true,"href":"https:\/\/plazajuarez.mx\/historico\/wp-json\/wp\/v2\/users\/93"}],"replies":[{"embeddable":true,"href":"https:\/\/plazajuarez.mx\/historico\/wp-json\/wp\/v2\/comments?post=299046"}],"version-history":[{"count":0,"href":"https:\/\/plazajuarez.mx\/historico\/wp-json\/wp\/v2\/posts\/299046\/revisions"}],"wp:featuredmedia":[{"embeddable":true,"href":"https:\/\/plazajuarez.mx\/historico\/wp-json\/wp\/v2\/media\/297918"}],"wp:attachment":[{"href":"https:\/\/plazajuarez.mx\/historico\/wp-json\/wp\/v2\/media?parent=299046"}],"wp:term":[{"taxonomy":"category","embeddable":true,"href":"https:\/\/plazajuarez.mx\/historico\/wp-json\/wp\/v2\/categories?post=299046"},{"taxonomy":"post_tag","embeddable":true,"href":"https:\/\/plazajuarez.mx\/historico\/wp-json\/wp\/v2\/tags?post=299046"}],"curies":[{"name":"wp","href":"https:\/\/api.w.org\/{rel}","templated":true}]}}