{"id":299023,"date":"2024-02-22T04:00:00","date_gmt":"2024-02-22T10:00:00","guid":{"rendered":"https:\/\/plazajuarez.mx\/?p=299023"},"modified":"2024-02-21T23:59:09","modified_gmt":"2024-02-22T05:59:09","slug":"mataron-a-balazos-a-un-masculino-en-tepeji-del-rio","status":"publish","type":"post","link":"https:\/\/plazajuarez.mx\/historico\/mataron-a-balazos-a-un-masculino-en-tepeji-del-rio\/","title":{"rendered":"Mataron a balazos a un masculino en Tepeji del R\u00edo\u00a0\u00a0\u00a0"},"content":{"rendered":"\n<p>La v\u00edctima no contaba con signos vitales y se acordon\u00f3 la escena del crimen<\/p>\n\n\n\n<p>Una intensa movilizaci\u00f3n polic\u00edaca se gener\u00f3 la tarde de este martes, luego de que se report\u00f3 el asesinato a balazos de un hombre, que qued\u00f3 inerte a bordo de su autom\u00f3vil, en la entrada a la colonia de San Mateo, Primera Secci\u00f3n, en el municipio de Tepeji del R\u00edo.<\/p>\n\n\n\n<p>Al lugar de la ejecuci\u00f3n, arribaron polic\u00edas municipales, quienes reportaron que hallaron un veh\u00edculo Seat, color rojo, el cual se hab\u00eda impactado contra otro automotor, y al interior se tuvo a la vista a un hombre que presentaba heridas producidas por impactos de arma de fuego.<\/p>\n\n\n\n<p>Durante la revisi\u00f3n, los elementos de la Polic\u00eda Municipal de Tepeji del R\u00edo, confirmaron que la v\u00edctima ya no contaba con signos vitales, por lo que acordonaron la escena del crimen para evitar su contaminaci\u00f3n y preservar los indicios.<\/p>\n\n\n\n<p>El infortunado fue identificado con las iniciales H.F.B.V., quien hasta antes de morir contaba con 29 a\u00f1os, que era trabajador de Presidencia Municipal de Tepeji del R\u00edo.<\/p>\n\n\n\n<p>Finalmente, agentes dependientes de la Procuradur\u00eda General de Justicia del Estado de Hidalgo (PGJEH), realizaron las investigaciones correspondientes para esclarecer el caso.<\/p>\n","protected":false},"excerpt":{"rendered":"<p>La v\u00edctima no contaba con signos vitales y se acordon\u00f3 la escena del crimen Una intensa movilizaci\u00f3n polic\u00edaca se gener\u00f3 la tarde de este martes, luego de que se report\u00f3 el asesinato a balazos de un hombre, que qued\u00f3 inerte a bordo de su autom\u00f3vil, en la entrada a la colonia de San Mateo, Primera [&hellip;]<\/p>\n","protected":false},"author":93,"featured_media":299024,"comment_status":"closed","ping_status":"closed","sticky":false,"template":"","format":"standard","meta":{"footnotes":""},"categories":[37],"tags":[],"class_list":["post-299023","post","type-post","status-publish","format-standard","has-post-thumbnail","hentry","category-barandilla"],"_links":{"self":[{"href":"https:\/\/plazajuarez.mx\/historico\/wp-json\/wp\/v2\/posts\/299023","targetHints":{"allow":["GET"]}}],"collection":[{"href":"https:\/\/plazajuarez.mx\/historico\/wp-json\/wp\/v2\/posts"}],"about":[{"href":"https:\/\/plazajuarez.mx\/historico\/wp-json\/wp\/v2\/types\/post"}],"author":[{"embeddable":true,"href":"https:\/\/plazajuarez.mx\/historico\/wp-json\/wp\/v2\/users\/93"}],"replies":[{"embeddable":true,"href":"https:\/\/plazajuarez.mx\/historico\/wp-json\/wp\/v2\/comments?post=299023"}],"version-history":[{"count":0,"href":"https:\/\/plazajuarez.mx\/historico\/wp-json\/wp\/v2\/posts\/299023\/revisions"}],"wp:featuredmedia":[{"embeddable":true,"href":"https:\/\/plazajuarez.mx\/historico\/wp-json\/wp\/v2\/media\/299024"}],"wp:attachment":[{"href":"https:\/\/plazajuarez.mx\/historico\/wp-json\/wp\/v2\/media?parent=299023"}],"wp:term":[{"taxonomy":"category","embeddable":true,"href":"https:\/\/plazajuarez.mx\/historico\/wp-json\/wp\/v2\/categories?post=299023"},{"taxonomy":"post_tag","embeddable":true,"href":"https:\/\/plazajuarez.mx\/historico\/wp-json\/wp\/v2\/tags?post=299023"}],"curies":[{"name":"wp","href":"https:\/\/api.w.org\/{rel}","templated":true}]}}