{"id":298981,"date":"2024-02-21T01:25:02","date_gmt":"2024-02-21T07:25:02","guid":{"rendered":"https:\/\/plazajuarez.mx\/?p=298981"},"modified":"2024-02-21T01:25:05","modified_gmt":"2024-02-21T07:25:05","slug":"emilio-lozoya-continuara-proceso-judicial-en-su-domicilio","status":"publish","type":"post","link":"https:\/\/plazajuarez.mx\/historico\/emilio-lozoya-continuara-proceso-judicial-en-su-domicilio\/","title":{"rendered":"Emilio Lozoya continuar\u00e1 proceso judicial en su domicilio\u00a0"},"content":{"rendered":"\n<p>Luego de dos a\u00f1os y tres meses de haber sido recluido por el caso Odebrecht, el ex director de Petr\u00f3leos Mexicano (Pemex) durante el gobierno de Enrique Pe\u00f1a Nieto, Emilio Lozoya logr\u00f3 que un juez de Control le otorgara un amparo con el que la medida cautelar de prisi\u00f3n preventiva cambi\u00f3 a prisi\u00f3n domiciliaria.&nbsp;<\/p>\n\n\n\n<p>De acuerdo con la informaci\u00f3n preliminar, el exfuncionario federal sali\u00f3 por la zona de aduanas del Reclusorio Norte alrededor de las 19 horas con 30 minutos. Cabe destacar que Lozoya fue capturado en Espa\u00f1a en 2020 acusado de haber recibido millonarios sobornos de Odebrecht, recursos que fueron utilizados para la campa\u00f1a pol\u00edtica que llev\u00f3 al poder a Enrique Pe\u00f1a Nieto del Partido Revolucionario Institucional (PRI).<\/p>\n\n\n\n<p>Y a pesar de que en un inicio la fiscal\u00eda hab\u00eda determinado que su proceso se llevara bajo arresto domiciliario pero tras las im\u00e1genes en las que se le observaba saliendo de un restaurante fue encarcelado en 2021 y en 2022 la Fiscal\u00eda General de la Rep\u00fablica (FGR) pidi\u00f3 en ese entonces una pena de 39 a\u00f1os de prisi\u00f3n para Lozoya, lo anterior con el argumento de ser acusado por delitos como: asociaci\u00f3n delictiva, lavado de dinero y cohecho.<\/p>\n\n\n\n<p>Cabe destacar que dicho caso ha trascendido ya que la empresa Odebrecht oper\u00f3 de la misma forma con otros funcionarios en otros pa\u00edses, y a lo anterior se puede sumar que Emilio Lozoya tambi\u00e9n fue acusado de haber sido el responsable de autorizar la compra por parte de Pemex de una deteriorada planta de fertilizantes, sin embargo, los cargos fueron retirados tras la supuesta \u201creparaci\u00f3n del da\u00f1o\u201d, dicha planta fue comprada a un sobreprecio de 200 millones de d\u00f3lares.<\/p>\n","protected":false},"excerpt":{"rendered":"<p>Luego de dos a\u00f1os y tres meses de haber sido recluido por el caso Odebrecht, el ex director de Petr\u00f3leos Mexicano (Pemex) durante el gobierno de Enrique Pe\u00f1a Nieto, Emilio Lozoya logr\u00f3 que un juez de Control le otorgara un amparo con el que la medida cautelar de prisi\u00f3n preventiva cambi\u00f3 a prisi\u00f3n domiciliaria.&nbsp; De [&hellip;]<\/p>\n","protected":false},"author":93,"featured_media":298982,"comment_status":"closed","ping_status":"closed","sticky":false,"template":"","format":"standard","meta":{"footnotes":""},"categories":[36],"tags":[],"class_list":["post-298981","post","type-post","status-publish","format-standard","has-post-thumbnail","hentry","category-nacion"],"_links":{"self":[{"href":"https:\/\/plazajuarez.mx\/historico\/wp-json\/wp\/v2\/posts\/298981","targetHints":{"allow":["GET"]}}],"collection":[{"href":"https:\/\/plazajuarez.mx\/historico\/wp-json\/wp\/v2\/posts"}],"about":[{"href":"https:\/\/plazajuarez.mx\/historico\/wp-json\/wp\/v2\/types\/post"}],"author":[{"embeddable":true,"href":"https:\/\/plazajuarez.mx\/historico\/wp-json\/wp\/v2\/users\/93"}],"replies":[{"embeddable":true,"href":"https:\/\/plazajuarez.mx\/historico\/wp-json\/wp\/v2\/comments?post=298981"}],"version-history":[{"count":0,"href":"https:\/\/plazajuarez.mx\/historico\/wp-json\/wp\/v2\/posts\/298981\/revisions"}],"wp:featuredmedia":[{"embeddable":true,"href":"https:\/\/plazajuarez.mx\/historico\/wp-json\/wp\/v2\/media\/298982"}],"wp:attachment":[{"href":"https:\/\/plazajuarez.mx\/historico\/wp-json\/wp\/v2\/media?parent=298981"}],"wp:term":[{"taxonomy":"category","embeddable":true,"href":"https:\/\/plazajuarez.mx\/historico\/wp-json\/wp\/v2\/categories?post=298981"},{"taxonomy":"post_tag","embeddable":true,"href":"https:\/\/plazajuarez.mx\/historico\/wp-json\/wp\/v2\/tags?post=298981"}],"curies":[{"name":"wp","href":"https:\/\/api.w.org\/{rel}","templated":true}]}}