{"id":298978,"date":"2024-02-21T01:18:59","date_gmt":"2024-02-21T07:18:59","guid":{"rendered":"https:\/\/plazajuarez.mx\/?p=298978"},"modified":"2024-02-21T01:19:02","modified_gmt":"2024-02-21T07:19:02","slug":"volcadura-de-auto-sobre-acceso-a-tulancingo","status":"publish","type":"post","link":"https:\/\/plazajuarez.mx\/historico\/volcadura-de-auto-sobre-acceso-a-tulancingo\/","title":{"rendered":"Volcadura de auto sobre acceso a Tulancingo"},"content":{"rendered":"\n<p>\u00a0TULANCINGO.- Un veh\u00edculo volc\u00f3 la ma\u00f1ana de este martes 20 de febrero a la altura del monumento a Miguel Hidalgo, sobre el bulevar del mismo nombre, ubicado en la zona de ingreso a esta ciudad.<\/p>\n\n\n\n<p>Presuntamente, al no respetar los l\u00edmites de velocidad el conductor, su auto patin\u00f3 debido a la gravilla suelta que se encuentra en dicho punto.<\/p>\n\n\n\n<p>De acuerdo con lo informado por la Guardia Nacional, el incidente ocurri\u00f3 al pulso de las 07:40 horas, a la altura del kil\u00f3metro 43.5 de la carretera federal M\u00e9xico-Tuxpan, justo al lado de una conocida farmacia.<\/p>\n\n\n\n<p>Mientras estaban en recorrido, uniformados encontraron un veh\u00edculo con las llantas hacia arriba, por lo que de inmediato respondieron ante el hecho.<\/p>\n\n\n\n<p>El auto tipo sed\u00e1n modelo 2002, era conducido por una persona identificada como J.N., quien circulaba en direcci\u00f3n a M\u00e9xico, cuando perdi\u00f3 el control de la unidad.<\/p>\n\n\n\n<p>Aunque se\u00f1alan que probablemente circulaba a exceso de velocidad, uniformados atribuyen las condiciones del camino como otra causa de la volcadura.<\/p>\n\n\n\n<p>Al sitio tambi\u00e9n acudieron elementos de Protecci\u00f3n Civil de Tulancingo, quienes apoyaron para colocar nuevamente al auto sobre sus ruedas y poder desplazarlo fuera de la v\u00eda de rodamiento. No se report\u00f3 que el conductor de la unidad estuviera herido.<\/p>\n\n\n\n<p>\u201cNo se utiliza gr\u00faa derivado a que personal perteneciente a Bomberos de Tulancingo y Guardia Nacional apoyamos al conductor a mover el veh\u00edculo sobre el acotamiento, ya que al estar en el lugar del hecho de tr\u00e1nsito, observamos diversos veh\u00edculos realizar frenado y patinar sobre sus ruedas aumentando el riesgo de provocar otro hecho\u201d, acot\u00f3 la corporaci\u00f3n.<\/p>\n","protected":false},"excerpt":{"rendered":"<p>\u00a0TULANCINGO.- Un veh\u00edculo volc\u00f3 la ma\u00f1ana de este martes 20 de febrero a la altura del monumento a Miguel Hidalgo, sobre el bulevar del mismo nombre, ubicado en la zona de ingreso a esta ciudad. Presuntamente, al no respetar los l\u00edmites de velocidad el conductor, su auto patin\u00f3 debido a la gravilla suelta que se [&hellip;]<\/p>\n","protected":false},"author":93,"featured_media":298979,"comment_status":"closed","ping_status":"closed","sticky":false,"template":"","format":"standard","meta":{"footnotes":""},"categories":[40],"tags":[],"class_list":["post-298978","post","type-post","status-publish","format-standard","has-post-thumbnail","hentry","category-region"],"_links":{"self":[{"href":"https:\/\/plazajuarez.mx\/historico\/wp-json\/wp\/v2\/posts\/298978","targetHints":{"allow":["GET"]}}],"collection":[{"href":"https:\/\/plazajuarez.mx\/historico\/wp-json\/wp\/v2\/posts"}],"about":[{"href":"https:\/\/plazajuarez.mx\/historico\/wp-json\/wp\/v2\/types\/post"}],"author":[{"embeddable":true,"href":"https:\/\/plazajuarez.mx\/historico\/wp-json\/wp\/v2\/users\/93"}],"replies":[{"embeddable":true,"href":"https:\/\/plazajuarez.mx\/historico\/wp-json\/wp\/v2\/comments?post=298978"}],"version-history":[{"count":0,"href":"https:\/\/plazajuarez.mx\/historico\/wp-json\/wp\/v2\/posts\/298978\/revisions"}],"wp:featuredmedia":[{"embeddable":true,"href":"https:\/\/plazajuarez.mx\/historico\/wp-json\/wp\/v2\/media\/298979"}],"wp:attachment":[{"href":"https:\/\/plazajuarez.mx\/historico\/wp-json\/wp\/v2\/media?parent=298978"}],"wp:term":[{"taxonomy":"category","embeddable":true,"href":"https:\/\/plazajuarez.mx\/historico\/wp-json\/wp\/v2\/categories?post=298978"},{"taxonomy":"post_tag","embeddable":true,"href":"https:\/\/plazajuarez.mx\/historico\/wp-json\/wp\/v2\/tags?post=298978"}],"curies":[{"name":"wp","href":"https:\/\/api.w.org\/{rel}","templated":true}]}}