{"id":298975,"date":"2024-02-21T01:15:56","date_gmt":"2024-02-21T07:15:56","guid":{"rendered":"https:\/\/plazajuarez.mx\/?p=298975"},"modified":"2024-02-21T01:15:59","modified_gmt":"2024-02-21T07:15:59","slug":"concluye-expo-artesanal-nunthua-mejico","status":"publish","type":"post","link":"https:\/\/plazajuarez.mx\/historico\/concluye-expo-artesanal-nunthua-mejico\/","title":{"rendered":"Concluye Expo Artesanal NUNTHU\u2019A M\u00c9JICO\u00a0"},"content":{"rendered":"\n<p>La Expo Artesanal NUNTHU\u2019A M\u00c9JICO, realizada en Tula de Allende, realizada entre el Gobierno Municipal, el Sistema DIF y la direcci\u00f3n de turismo, concluy\u00f3 despu\u00e9s de 12 d\u00edas de actividades.<\/p>\n\n\n\n<p>El Jard\u00edn Municipal se convirti\u00f3 en un punto de encuentro para m\u00e1s de 10 mil personas, quienes disfrutaron de una variedad de actividades culturales provenientes de Oaxaca y otras regiones de M\u00e9xico.<\/p>\n\n\n\n<p>Los visitantes fueron cautivados por la m\u00fasica ambiental oaxaque\u00f1a, los bailes regionales a cargo de grupos folkl\u00f3ricos como Ra\u00edces Oaxaque\u00f1as y Tradici\u00f3n Serrana, as\u00ed como la participaci\u00f3n de la banda de viento Ra\u00edces Oaxaque\u00f1as.&nbsp;<\/p>\n\n\n\n<p>El objetivo de la Expo fue promover el intercambio cultural entre Oaxaca y Tula de Allende, con eventos que destacaron las tradiciones de las 8 regiones oaxaque\u00f1as, as\u00ed como de otros estados como Quer\u00e9taro, Chiapas, Tlaxcala y Michoac\u00e1n. El gobierno municipal de Tula tambi\u00e9n contribuy\u00f3 con una danza prehisp\u00e1nica, mostrando su compromiso con la promoci\u00f3n cultural y tur\u00edstica.<\/p>\n\n\n\n<p>El cierre de este evento tur\u00edstico cont\u00f3 con la presentaci\u00f3n de la Calenda y la Estampa de la Guelaguetza, que recorrieron el centro de la ciudad Tolteca, encabezadas por la directora general y presidenta del sistema DIF municipal, la maestra Martha Gabriela Garc\u00eda Guerrero.<\/p>\n","protected":false},"excerpt":{"rendered":"<p>La Expo Artesanal NUNTHU\u2019A M\u00c9JICO, realizada en Tula de Allende, realizada entre el Gobierno Municipal, el Sistema DIF y la direcci\u00f3n de turismo, concluy\u00f3 despu\u00e9s de 12 d\u00edas de actividades. El Jard\u00edn Municipal se convirti\u00f3 en un punto de encuentro para m\u00e1s de 10 mil personas, quienes disfrutaron de una variedad de actividades culturales provenientes [&hellip;]<\/p>\n","protected":false},"author":93,"featured_media":298976,"comment_status":"closed","ping_status":"closed","sticky":false,"template":"","format":"standard","meta":{"footnotes":""},"categories":[40],"tags":[],"class_list":["post-298975","post","type-post","status-publish","format-standard","has-post-thumbnail","hentry","category-region"],"_links":{"self":[{"href":"https:\/\/plazajuarez.mx\/historico\/wp-json\/wp\/v2\/posts\/298975","targetHints":{"allow":["GET"]}}],"collection":[{"href":"https:\/\/plazajuarez.mx\/historico\/wp-json\/wp\/v2\/posts"}],"about":[{"href":"https:\/\/plazajuarez.mx\/historico\/wp-json\/wp\/v2\/types\/post"}],"author":[{"embeddable":true,"href":"https:\/\/plazajuarez.mx\/historico\/wp-json\/wp\/v2\/users\/93"}],"replies":[{"embeddable":true,"href":"https:\/\/plazajuarez.mx\/historico\/wp-json\/wp\/v2\/comments?post=298975"}],"version-history":[{"count":0,"href":"https:\/\/plazajuarez.mx\/historico\/wp-json\/wp\/v2\/posts\/298975\/revisions"}],"wp:featuredmedia":[{"embeddable":true,"href":"https:\/\/plazajuarez.mx\/historico\/wp-json\/wp\/v2\/media\/298976"}],"wp:attachment":[{"href":"https:\/\/plazajuarez.mx\/historico\/wp-json\/wp\/v2\/media?parent=298975"}],"wp:term":[{"taxonomy":"category","embeddable":true,"href":"https:\/\/plazajuarez.mx\/historico\/wp-json\/wp\/v2\/categories?post=298975"},{"taxonomy":"post_tag","embeddable":true,"href":"https:\/\/plazajuarez.mx\/historico\/wp-json\/wp\/v2\/tags?post=298975"}],"curies":[{"name":"wp","href":"https:\/\/api.w.org\/{rel}","templated":true}]}}