{"id":298740,"date":"2024-02-19T02:03:51","date_gmt":"2024-02-19T08:03:51","guid":{"rendered":"https:\/\/plazajuarez.mx\/?p=298740"},"modified":"2024-02-19T02:03:54","modified_gmt":"2024-02-19T08:03:54","slug":"condenan-agresion-de-guardia-nacional-de-texas","status":"publish","type":"post","link":"https:\/\/plazajuarez.mx\/historico\/condenan-agresion-de-guardia-nacional-de-texas\/","title":{"rendered":"Condenan agresi\u00f3n de Guardia Nacional de Texas"},"content":{"rendered":"\n<p>Activistas de Ciudad Ju\u00e1rez condenaron ayer la expulsi\u00f3n por parte de la Guardia Nacional de Texas de un grupo de migrantes que ya hab\u00eda cruzado a Estados Unidos, as\u00ed como la agresi\u00f3n que sufri\u00f3 la prensa que documentaba el hecho desde el lado mexicano.<\/p>\n\n\n\n<p>Las c\u00e1maras de EFE documentaron desde el lado mexicano c\u00f3mo dos guardias empujaron al menos a tres migrantes que ya se encontraban en territorio estadounidense junto al muro, donde no deben tocarlos, y los forzaron a regresar hasta el r\u00edo Bravo.<\/p>\n\n\n\n<p>Al ver que el hecho estaba siendo documentado, uno de los elementos de la Guardia Nacional de Texas apunt\u00f3 un rayo l\u00e1ser de color verde contra las c\u00e1maras de EFE, mismo que ya ha da\u00f1ado equipos de reporteros gr\u00e1ficos de Ciudad Ju\u00e1rez.<\/p>\n\n\n\n<p>Juan Fierro, director del albergue El Buen Samaritano de Ciudad Ju\u00e1rez, asegur\u00f3 que la Guardia Nacional de Texas se ha empoderado y se ha adelantado a la entrada en vigor el 5 de marzo de la Ley SB4, que les dar\u00e1 facultades para detener y realizar deportaciones inmediatas de migrantes que entren a Texas por puntos no autorizados.<\/p>\n\n\n\n<p>\u201cLa Guardia Nacional recibe \u00f3rdenes de alejar a estas personas y si estas personas no se quieren alejar del muro, los agreden\u201d, lament\u00f3 el pastor que administra un albergue para personas migrantes en Ciudad Ju\u00e1rez.<\/p>\n","protected":false},"excerpt":{"rendered":"<p>Activistas de Ciudad Ju\u00e1rez condenaron ayer la expulsi\u00f3n por parte de la Guardia Nacional de Texas de un grupo de migrantes que ya hab\u00eda cruzado a Estados Unidos, as\u00ed como la agresi\u00f3n que sufri\u00f3 la prensa que documentaba el hecho desde el lado mexicano. Las c\u00e1maras de EFE documentaron desde el lado mexicano c\u00f3mo dos [&hellip;]<\/p>\n","protected":false},"author":80,"featured_media":298741,"comment_status":"closed","ping_status":"closed","sticky":false,"template":"","format":"standard","meta":{"footnotes":""},"categories":[36],"tags":[],"class_list":["post-298740","post","type-post","status-publish","format-standard","has-post-thumbnail","hentry","category-nacion"],"_links":{"self":[{"href":"https:\/\/plazajuarez.mx\/historico\/wp-json\/wp\/v2\/posts\/298740","targetHints":{"allow":["GET"]}}],"collection":[{"href":"https:\/\/plazajuarez.mx\/historico\/wp-json\/wp\/v2\/posts"}],"about":[{"href":"https:\/\/plazajuarez.mx\/historico\/wp-json\/wp\/v2\/types\/post"}],"author":[{"embeddable":true,"href":"https:\/\/plazajuarez.mx\/historico\/wp-json\/wp\/v2\/users\/80"}],"replies":[{"embeddable":true,"href":"https:\/\/plazajuarez.mx\/historico\/wp-json\/wp\/v2\/comments?post=298740"}],"version-history":[{"count":0,"href":"https:\/\/plazajuarez.mx\/historico\/wp-json\/wp\/v2\/posts\/298740\/revisions"}],"wp:featuredmedia":[{"embeddable":true,"href":"https:\/\/plazajuarez.mx\/historico\/wp-json\/wp\/v2\/media\/298741"}],"wp:attachment":[{"href":"https:\/\/plazajuarez.mx\/historico\/wp-json\/wp\/v2\/media?parent=298740"}],"wp:term":[{"taxonomy":"category","embeddable":true,"href":"https:\/\/plazajuarez.mx\/historico\/wp-json\/wp\/v2\/categories?post=298740"},{"taxonomy":"post_tag","embeddable":true,"href":"https:\/\/plazajuarez.mx\/historico\/wp-json\/wp\/v2\/tags?post=298740"}],"curies":[{"name":"wp","href":"https:\/\/api.w.org\/{rel}","templated":true}]}}