{"id":298692,"date":"2024-02-19T04:00:00","date_gmt":"2024-02-19T10:00:00","guid":{"rendered":"https:\/\/plazajuarez.mx\/?p=298692"},"modified":"2024-02-18T22:49:34","modified_gmt":"2024-02-19T04:49:34","slug":"en-jalisco-ejecutaron-a-seis-jovenes-pero-dos-mas-resultaron-lesionados","status":"publish","type":"post","link":"https:\/\/plazajuarez.mx\/historico\/en-jalisco-ejecutaron-a-seis-jovenes-pero-dos-mas-resultaron-lesionados\/","title":{"rendered":"En Jalisco ejecutaron a seis j\u00f3venes, pero dos m\u00e1s resultaron lesionados"},"content":{"rendered":"\n<p>Una nueva masacre tuvo lugar en la colonia Francisco I. Madero de San Pedro Tlaquepaque, Jalisco, desafortunadamente en el incidente, seis j\u00f3venes fueron ejecutados a balazos y dos m\u00e1s resultaron lesionados de gravedad, por lo que tuvieron que ser canalizados de emergencia a un nosocomio, para tratar de salvarles la vida.<\/p>\n\n\n\n<p>Elementos policiales que tomaron conocimiento de la masacre, refirieron que los hechos ocurrieron durante la ma\u00f1ana de este domingo.<\/p>\n\n\n\n<p>As\u00ed mismo se indic\u00f3 que la mortal agresi\u00f3n se suscit\u00f3 cuando las v\u00edctimas, quienes se presume eran menores de edad, se encontraban ingiriendo bebidas alcoh\u00f3licas en una esquina de la colonia antes descrita.<\/p>\n\n\n\n<p>En ese momento, varios sujetos armados arribaron a bordo de un veh\u00edculo, del cual descendieron y sin m\u00e1s abrieron fuego contra los infortunados y luego del ataque se dieron a la fuga sin dejar rastro alguno de su paradero.<\/p>\n\n\n\n<p>La informaci\u00f3n refiere que al menos cinco j\u00f3venes fallecieron en el lugar de los hechos, mientras que la sexta v\u00edctima perdi\u00f3 la vida mientras recib\u00eda atenci\u00f3n m\u00e9dica.<\/p>\n\n\n\n<p>Pese a que se dio inicio a las investigaciones, hasta el momento, no se ha dado a conocer el motivo de la agresi\u00f3n, ni la identidad de los responsables.<\/p>\n\n\n\n<p>Finalmente, la Fiscal\u00eda del Estado de Jalisco, anunci\u00f3 la apertura de una investigaci\u00f3n para tratar de dar con la identidad, localizaci\u00f3n y captura de los autores del m\u00faltiple crimen y as\u00ed esclarecer estos lamentables sucesos.<\/p>\n","protected":false},"excerpt":{"rendered":"<p>Una nueva masacre tuvo lugar en la colonia Francisco I. Madero de San Pedro Tlaquepaque, Jalisco, desafortunadamente en el incidente, seis j\u00f3venes fueron ejecutados a balazos y dos m\u00e1s resultaron lesionados de gravedad, por lo que tuvieron que ser canalizados de emergencia a un nosocomio, para tratar de salvarles la vida. Elementos policiales que tomaron [&hellip;]<\/p>\n","protected":false},"author":93,"featured_media":298687,"comment_status":"closed","ping_status":"closed","sticky":false,"template":"","format":"standard","meta":{"footnotes":""},"categories":[37],"tags":[],"class_list":["post-298692","post","type-post","status-publish","format-standard","has-post-thumbnail","hentry","category-barandilla"],"_links":{"self":[{"href":"https:\/\/plazajuarez.mx\/historico\/wp-json\/wp\/v2\/posts\/298692","targetHints":{"allow":["GET"]}}],"collection":[{"href":"https:\/\/plazajuarez.mx\/historico\/wp-json\/wp\/v2\/posts"}],"about":[{"href":"https:\/\/plazajuarez.mx\/historico\/wp-json\/wp\/v2\/types\/post"}],"author":[{"embeddable":true,"href":"https:\/\/plazajuarez.mx\/historico\/wp-json\/wp\/v2\/users\/93"}],"replies":[{"embeddable":true,"href":"https:\/\/plazajuarez.mx\/historico\/wp-json\/wp\/v2\/comments?post=298692"}],"version-history":[{"count":0,"href":"https:\/\/plazajuarez.mx\/historico\/wp-json\/wp\/v2\/posts\/298692\/revisions"}],"wp:featuredmedia":[{"embeddable":true,"href":"https:\/\/plazajuarez.mx\/historico\/wp-json\/wp\/v2\/media\/298687"}],"wp:attachment":[{"href":"https:\/\/plazajuarez.mx\/historico\/wp-json\/wp\/v2\/media?parent=298692"}],"wp:term":[{"taxonomy":"category","embeddable":true,"href":"https:\/\/plazajuarez.mx\/historico\/wp-json\/wp\/v2\/categories?post=298692"},{"taxonomy":"post_tag","embeddable":true,"href":"https:\/\/plazajuarez.mx\/historico\/wp-json\/wp\/v2\/tags?post=298692"}],"curies":[{"name":"wp","href":"https:\/\/api.w.org\/{rel}","templated":true}]}}