{"id":298667,"date":"2024-02-19T05:00:00","date_gmt":"2024-02-19T11:00:00","guid":{"rendered":"https:\/\/plazajuarez.mx\/?p=298667"},"modified":"2024-02-18T22:30:10","modified_gmt":"2024-02-19T04:30:10","slug":"dese-por-enterado-1251","status":"publish","type":"post","link":"https:\/\/plazajuarez.mx\/historico\/dese-por-enterado-1251\/","title":{"rendered":"DESE POR ENTERADO"},"content":{"rendered":"\n<p><strong>VA SAN ROM\u00c1N DUVAL POR MORENA EN HUEJUTLA<\/strong>. \u2013 Parece un hecho que el ya dos veces presidente municipal de Huejutla de Reyes, <strong>Jos\u00e9 Alfredo San Rom\u00e1n Duval<\/strong>, ser\u00e1 candidato de Morena a la alcald\u00eda de ese ayuntamiento, coraz\u00f3n de la Huasteca Hidalguense, una vez que se d\u00e9 a conocer la encuesta que la dar\u00e1 como vencedor, muy por arriba de <strong>Marco Antonio Ramos Moguel<\/strong>. Personaje que amplia popularidad, no solo en Huejutla, sino en municipios circunvecinos, <strong>San Rom\u00e1n Duval<\/strong> representar\u00e1 una base importante para Morena en toda la regi\u00f3n, adem\u00e1s de asegurarle una victoria sin complicaciones en los comicios de junio. A decir de los que saben de la encuesta, y sus resultados preliminares, el personaje citado habr\u00e1 de gobernar por tercera ocasi\u00f3n Huejutla de Reyes.<\/p>\n\n\n\n<figure class=\"wp-block-image size-full is-resized\"><img loading=\"lazy\" decoding=\"async\" width=\"540\" height=\"540\" src=\"https:\/\/plazajuarez.mx\/historico\/historico\/wp-content\/uploads\/2024\/02\/VA-SAN-ROMAN-DUVAL-POR-MORENA-EN-HUEJUTLA-FACEBOOK-JOSE-ALFREDO-SAN-ROMAN-DUVAL.jpg\" alt=\"\" class=\"wp-image-298668\" style=\"width:840px;height:auto\" srcset=\"https:\/\/plazajuarez.mx\/historico\/wp-content\/uploads\/2024\/02\/VA-SAN-ROMAN-DUVAL-POR-MORENA-EN-HUEJUTLA-FACEBOOK-JOSE-ALFREDO-SAN-ROMAN-DUVAL.jpg 540w, https:\/\/plazajuarez.mx\/historico\/wp-content\/uploads\/2024\/02\/VA-SAN-ROMAN-DUVAL-POR-MORENA-EN-HUEJUTLA-FACEBOOK-JOSE-ALFREDO-SAN-ROMAN-DUVAL-36x36.jpg 36w\" sizes=\"auto, (max-width: 540px) 100vw, 540px\" \/><\/figure>\n\n\n\n<p>Foto: Facebook Jos\u00e9 Alfredo San Roman Duval<\/p>\n\n\n\n<p><strong>PACHUCA, CASI DEFINIDA LA CANDIDATURA MORENISTA<\/strong>. \u2013 Tambi\u00e9n bajo el esquema de encuesta, Morena est\u00e1 por definir su candidato para la presidencia municipal de la capital hidalguense, y ya solo quedan el subsecretario de Infraestructura, <strong>Jorge Reyes<\/strong>, el aun senador de la Rep\u00fablica, <strong>Navor Rojas Mancera<\/strong>, y el ex subsecretario de la Secretar\u00eda del Medio Ambiente y Recursos Naturales a nivel federal, <strong>Tonatiuh Herrera Guti\u00e9rrez<\/strong>. Conocedor profundo de la historia pachuque\u00f1a, y defensor de su Centro Hist\u00f3rico, es un estudioso de los fen\u00f3menos sociales en Hidalgo. La definici\u00f3n de la candidatura todav\u00eda est\u00e1 en el aire, quien diga que ya la gan\u00f3, o la tiene asegurado, miente.<\/p>\n\n\n\n<figure class=\"wp-block-image size-full\"><img loading=\"lazy\" decoding=\"async\" width=\"800\" height=\"460\" src=\"https:\/\/plazajuarez.mx\/historico\/historico\/wp-content\/uploads\/2024\/02\/PACHUCA-CASI-DEFINIDA-LA-CANDIDATURA-MORENISTA-ARCHIVO.jpeg\" alt=\"\" class=\"wp-image-298669\" srcset=\"https:\/\/plazajuarez.mx\/historico\/wp-content\/uploads\/2024\/02\/PACHUCA-CASI-DEFINIDA-LA-CANDIDATURA-MORENISTA-ARCHIVO.jpeg 800w, https:\/\/plazajuarez.mx\/historico\/wp-content\/uploads\/2024\/02\/PACHUCA-CASI-DEFINIDA-LA-CANDIDATURA-MORENISTA-ARCHIVO-768x442.jpeg 768w\" sizes=\"auto, (max-width: 800px) 100vw, 800px\" \/><\/figure>\n\n\n\n<p>Foto: Archivo<\/p>\n\n\n\n<p><strong>MIENTRAS TANTO, EN EL PRI-PAN-PRD<\/strong>. \u2013 <strong>Benjam\u00edn Rico Moreno<\/strong> ser\u00e1 candidato de la alianza PRI-PAN-PRD a la presidencia municipal de Pachuca. De eso ya no hay duda alguna. Tampoco de que se trata del virtual abanderado opositor m\u00e1s fuerte, en todas las ciudades importantes de Hidalgo. Desde siempre aspirante a esa nominaci\u00f3n, <strong>Rico Moreno<\/strong> llega en un momento importante, no solo para \u00e9l, sino para su partido, el PRI, que est\u00e1 urgido de ox\u00edgeno, y el empresario inmobiliario, es ox\u00edgeno puro para los pri\u00edstas. Se trata del rival a vencer sin duda alguna, y mal har\u00eda quien menospreciara su arraigo y popularidad en la capital del Estado.<\/p>\n\n\n\n<figure class=\"wp-block-image size-full\"><img loading=\"lazy\" decoding=\"async\" width=\"1266\" height=\"1195\" src=\"https:\/\/plazajuarez.mx\/historico\/historico\/wp-content\/uploads\/2024\/02\/MIENTRAS-TANTO-EN-EL-PRI-PAN-PRD-_Facebook-benjamin-rico-.jpg\" alt=\"\" class=\"wp-image-298670\" srcset=\"https:\/\/plazajuarez.mx\/historico\/wp-content\/uploads\/2024\/02\/MIENTRAS-TANTO-EN-EL-PRI-PAN-PRD-_Facebook-benjamin-rico-.jpg 1266w, https:\/\/plazajuarez.mx\/historico\/wp-content\/uploads\/2024\/02\/MIENTRAS-TANTO-EN-EL-PRI-PAN-PRD-_Facebook-benjamin-rico--768x725.jpg 768w\" sizes=\"auto, (max-width: 1266px) 100vw, 1266px\" \/><\/figure>\n\n\n\n<p>Foto: Facebok Benjam\u00edn Rico<\/p>\n\n\n\n<p><strong>SE TAMBALEA LA CANDIDATURA DE CUAUHT\u00c9MOC OCHOA<\/strong>. \u2013 Parec\u00eda que todo iba sin problemas, y que esta nueva <em>machincuepa <\/em>pol\u00edtica le saldr\u00eda sin problema alguno. Pero resulta que no, que la candidatura de <strong>Cuauht\u00e9moc Ochoa<\/strong> al Senado de la Rep\u00fablica por Morena, podr\u00eda caerse de un momento a otro, e incluso tenga que enfrentar l\u00edos judiciales. Todo por no declarar una casitas en Estados Unidos, y una que otra empresa en el pa\u00eds. Es decir, que primero deber\u00e1 explicar \u201cqui\u00e9n pomp\u00f3\u201d, como gusta cantar el presidente mexicano, de su partido, y luego querer ser representante popular. A ver qu\u00e9 pasa.<\/p>\n\n\n\n<figure class=\"wp-block-image size-full\"><img loading=\"lazy\" decoding=\"async\" width=\"852\" height=\"1280\" src=\"https:\/\/plazajuarez.mx\/historico\/historico\/wp-content\/uploads\/2024\/02\/SE-TAMBALEA-LA-CANDIDATURA-DE-CUAUHTEMOC-OCHOA-Cortesia-.jpg\" alt=\"\" class=\"wp-image-298671\" srcset=\"https:\/\/plazajuarez.mx\/historico\/wp-content\/uploads\/2024\/02\/SE-TAMBALEA-LA-CANDIDATURA-DE-CUAUHTEMOC-OCHOA-Cortesia-.jpg 852w, https:\/\/plazajuarez.mx\/historico\/wp-content\/uploads\/2024\/02\/SE-TAMBALEA-LA-CANDIDATURA-DE-CUAUHTEMOC-OCHOA-Cortesia--768x1154.jpg 768w\" sizes=\"auto, (max-width: 852px) 100vw, 852px\" \/><\/figure>\n\n\n\n<p>Foto: Cortes\u00eda <\/p>\n\n\n\n<p><strong>Aviso para que no digan: Esta columna se nutre de comentarios recabados por agencias del Recontra-Espionaje, muy similares a las que populariz\u00f3 el \u201cS\u00faper Agente 86\u201d en sus tiempos. Como tal lo que publicamos puede que sea cierto, puede que no, o todo lo contrario. Est\u00e1 usted en libertad de creer o no lo que lee, recontra-enojarse, recontra- carcajearse y hasta recontra-recordarnos a nuestra jefecita (nosotros recontra-haremos lo propio). Avisado est\u00e1 usted.<\/strong><\/p>\n\n\n\n<p><strong>Correo: desexenterado@gmail.com&nbsp;&nbsp;<\/strong><\/p>\n\n\n\n<p><strong>X: @desexenterado<\/strong><\/p>\n","protected":false},"excerpt":{"rendered":"<p>VA SAN ROM\u00c1N DUVAL POR MORENA EN HUEJUTLA. \u2013 Parece un hecho que el ya dos veces presidente municipal de Huejutla de Reyes, Jos\u00e9 Alfredo San Rom\u00e1n Duval, ser\u00e1 candidato de Morena a la alcald\u00eda de ese ayuntamiento, coraz\u00f3n de la Huasteca Hidalguense, una vez que se d\u00e9 a conocer la encuesta que la dar\u00e1 [&hellip;]<\/p>\n","protected":false},"author":93,"featured_media":297918,"comment_status":"closed","ping_status":"closed","sticky":false,"template":"","format":"standard","meta":{"footnotes":""},"categories":[83],"tags":[],"class_list":["post-298667","post","type-post","status-publish","format-standard","has-post-thumbnail","hentry","category-dese-por-enterado"],"_links":{"self":[{"href":"https:\/\/plazajuarez.mx\/historico\/wp-json\/wp\/v2\/posts\/298667","targetHints":{"allow":["GET"]}}],"collection":[{"href":"https:\/\/plazajuarez.mx\/historico\/wp-json\/wp\/v2\/posts"}],"about":[{"href":"https:\/\/plazajuarez.mx\/historico\/wp-json\/wp\/v2\/types\/post"}],"author":[{"embeddable":true,"href":"https:\/\/plazajuarez.mx\/historico\/wp-json\/wp\/v2\/users\/93"}],"replies":[{"embeddable":true,"href":"https:\/\/plazajuarez.mx\/historico\/wp-json\/wp\/v2\/comments?post=298667"}],"version-history":[{"count":0,"href":"https:\/\/plazajuarez.mx\/historico\/wp-json\/wp\/v2\/posts\/298667\/revisions"}],"wp:featuredmedia":[{"embeddable":true,"href":"https:\/\/plazajuarez.mx\/historico\/wp-json\/wp\/v2\/media\/297918"}],"wp:attachment":[{"href":"https:\/\/plazajuarez.mx\/historico\/wp-json\/wp\/v2\/media?parent=298667"}],"wp:term":[{"taxonomy":"category","embeddable":true,"href":"https:\/\/plazajuarez.mx\/historico\/wp-json\/wp\/v2\/categories?post=298667"},{"taxonomy":"post_tag","embeddable":true,"href":"https:\/\/plazajuarez.mx\/historico\/wp-json\/wp\/v2\/tags?post=298667"}],"curies":[{"name":"wp","href":"https:\/\/api.w.org\/{rel}","templated":true}]}}