{"id":298650,"date":"2024-02-19T04:00:00","date_gmt":"2024-02-19T10:00:00","guid":{"rendered":"https:\/\/plazajuarez.mx\/?p=298650"},"modified":"2024-02-18T22:53:23","modified_gmt":"2024-02-19T04:53:23","slug":"policia-de-pachuca-detiene-a-menor-de-edad-por-portacion-de-arma","status":"publish","type":"post","link":"https:\/\/plazajuarez.mx\/historico\/policia-de-pachuca-detiene-a-menor-de-edad-por-portacion-de-arma\/","title":{"rendered":"Polic\u00eda de Pachuca detiene a menor de edad por portaci\u00f3n de arma"},"content":{"rendered":"\n<p>Elementos de la Secretar\u00eda de Seguridad P\u00fablica, Tr\u00e1nsito y Vialidad de Pachuca detuvieron a un menor de edad en la colonia La Raza, por portaci\u00f3n de arma de fuego.<\/p>\n\n\n\n<p>Como parte del operativo por el cierre de carnaval en esta colonia, se detect\u00f3 un menor de edad, que portaba un arma de fuego hechiza, 2 cartuchos \u00fatiles calibre 22 y un machete.<\/p>\n\n\n\n<p>Por tal motivo fue detenido quien dijo llamarse L. A. G. R. de 14 a\u00f1os de edad y fue puesto a disposici\u00f3n de las autoridades correspondientes junto con los objetos asegurados.<\/p>\n\n\n\n<p>La Secretar\u00eda de Seguridad P\u00fablica, Tr\u00e1nsito y Vialidad de Pachuca reitera el llamado a la ciudadan\u00eda para contribuir con sus denuncias y reportes mediante el n\u00famero directo del C4 7717110707, 9-1-1 de Emergencias y\/o 089 para Denuncia An\u00f3nima.<\/p>\n","protected":false},"excerpt":{"rendered":"<p>Elementos de la Secretar\u00eda de Seguridad P\u00fablica, Tr\u00e1nsito y Vialidad de Pachuca detuvieron a un menor de edad en la colonia La Raza, por portaci\u00f3n de arma de fuego. Como parte del operativo por el cierre de carnaval en esta colonia, se detect\u00f3 un menor de edad, que portaba un arma de fuego hechiza, 2 [&hellip;]<\/p>\n","protected":false},"author":93,"featured_media":298651,"comment_status":"closed","ping_status":"closed","sticky":false,"template":"","format":"standard","meta":{"footnotes":""},"categories":[37,15],"tags":[],"class_list":["post-298650","post","type-post","status-publish","format-standard","has-post-thumbnail","hentry","category-barandilla","category-destacadas"],"_links":{"self":[{"href":"https:\/\/plazajuarez.mx\/historico\/wp-json\/wp\/v2\/posts\/298650","targetHints":{"allow":["GET"]}}],"collection":[{"href":"https:\/\/plazajuarez.mx\/historico\/wp-json\/wp\/v2\/posts"}],"about":[{"href":"https:\/\/plazajuarez.mx\/historico\/wp-json\/wp\/v2\/types\/post"}],"author":[{"embeddable":true,"href":"https:\/\/plazajuarez.mx\/historico\/wp-json\/wp\/v2\/users\/93"}],"replies":[{"embeddable":true,"href":"https:\/\/plazajuarez.mx\/historico\/wp-json\/wp\/v2\/comments?post=298650"}],"version-history":[{"count":0,"href":"https:\/\/plazajuarez.mx\/historico\/wp-json\/wp\/v2\/posts\/298650\/revisions"}],"wp:featuredmedia":[{"embeddable":true,"href":"https:\/\/plazajuarez.mx\/historico\/wp-json\/wp\/v2\/media\/298651"}],"wp:attachment":[{"href":"https:\/\/plazajuarez.mx\/historico\/wp-json\/wp\/v2\/media?parent=298650"}],"wp:term":[{"taxonomy":"category","embeddable":true,"href":"https:\/\/plazajuarez.mx\/historico\/wp-json\/wp\/v2\/categories?post=298650"},{"taxonomy":"post_tag","embeddable":true,"href":"https:\/\/plazajuarez.mx\/historico\/wp-json\/wp\/v2\/tags?post=298650"}],"curies":[{"name":"wp","href":"https:\/\/api.w.org\/{rel}","templated":true}]}}