{"id":298625,"date":"2024-02-18T11:36:41","date_gmt":"2024-02-18T17:36:41","guid":{"rendered":"https:\/\/plazajuarez.mx\/?p=298625"},"modified":"2024-02-18T11:39:33","modified_gmt":"2024-02-18T17:39:33","slug":"enfrentamientos-a-mano-armada-causan-temor-en-ciudad-guzman","status":"publish","type":"post","link":"https:\/\/plazajuarez.mx\/historico\/enfrentamientos-a-mano-armada-causan-temor-en-ciudad-guzman\/","title":{"rendered":"Enfrentamientos a mano armada\u00a0causan temor en Ciudad Guzm\u00e1n"},"content":{"rendered":"\n<p>Fue justo en el cruce de las calles Benito G\u00f3mez Far\u00edas, Menta y Canela, donde se suscit\u00f3 el primer enfrentamiento a las 19:30 horas de este viernes<\/p>\n\n\n\n<p>Durante la noche del viernes y la madrugada del s\u00e1bado se registr\u00f3 una serie de enfrentamientos a mano armada, lo que provoc\u00f3 la alarma y el temor de vecinos del municipio de Zapotl\u00e1n El Grande, mejor conocido como Ciudad Guzm\u00e1n en el estado de Jalisco, venturosamente no se registraron p\u00e9rdidas humanas, aunque un elemento de la Guardia Nacional result\u00f3 herido por impacto de arma de fuego y tuvo que ser canalizado de emergencia a un nosocomio.<\/p>\n\n\n\n<p>La informaci\u00f3n establece que fue justo en el cruce de las calles Benito G\u00f3mez Far\u00edas, Menta y Canela, donde se suscit\u00f3 el enfrentamiento a las 19:30 horas de este viernes.<\/p>\n\n\n\n<p>Ese primer intercambio de balazos, provoc\u00f3 la inmediata movilizaci\u00f3n de elementos de las corporaciones policiales, as\u00ed como del Ej\u00e9rcito Mexicano y de la Guardia Nacional.<\/p>\n\n\n\n<p>A ra\u00edz de este enfrentamiento que duro varios minutos, se perdi\u00f3 la calma de los habitantes de Ciudad Guzm\u00e1n, ya que es que las detonaciones escucharon pr\u00e1cticamente en toda la cabecera municipal.<\/p>\n\n\n\n<p>La informaci\u00f3n advierte que cuando ocurri\u00f3 el primer tiroteo alrededor de las 19:30 horas hab\u00eda mucha movilizaci\u00f3n de habitantes, pues la mayor\u00eda ten\u00eda sus locales abiertos, est\u00e9ticas, tiendas de abarrotes, adem\u00e1s de que alumnos de dos secundarias de la zona de conflicto apenas estaban saliendo de clases del turno vespertino, por lo que tuvieron que quedarse para resguardarse por varios minutos en sus aulas.<\/p>\n\n\n\n<p>Fue el gobernador del estado de Jalisco, Enrique Alfaro quien corrobor\u00f3 que un elemento de la Guardia Nacional result\u00f3 herido y fue trasladado a un hospital para recibir atenci\u00f3n m\u00e9dica.<\/p>\n\n\n\n<p>As\u00ed mismo destac\u00f3 que la ma\u00f1ana de ayer a\u00fan continuaba el levantamiento de los indicios, adem\u00e1s de que se habr\u00eda asegurado un domicilio que se encuentra sobre la calle Canela que tambi\u00e9n fue atacado.<\/p>\n\n\n\n<p>De manera extraoficial se sabe que se habr\u00eda logrado la captura de un peligroso l\u00edder criminal que operaba en esa zona, no obstante, hasta el momento la informaci\u00f3n no se ha precisado de manera oficial por la autoridad correspondiente.<\/p>\n\n\n\n<p>Alejandro Barrag\u00e1n presidente municipal de Zapotl\u00e1n el Grande se pronunci\u00f3 al destacar \u201cLament\u00f3 confirmar que efectivamente se registr\u00f3 una serie importante detonaciones de arma de fuego en diferentes puntos de nuestra ciudad o principalmente en el lado sur, en el lado poniente de Ciudad Guzm\u00e1n y en carreteras\u201d.<\/p>\n\n\n\n<p>Posteriormente el edil indic\u00f3 que \u201cElementos de la guardia nacional y la Sedena, est\u00e1n al frente del operativo y ya recobraron la calma en Ciudad Guzm\u00e1n, donde en este momento ya se est\u00e1n haciendo las movilizaciones para retirar los bloqueos impuestos durante los enfrentamientos\u201d.<\/p>\n\n\n\n<p>As\u00ed mismo destac\u00f3; \u201cHasta el momento puedo asegurar que la informaci\u00f3n sobre el origen de los enfrentamientos, la conoce de mejor manera La Sedena y la Guardia Nacional, ya que fueron quienes estuvieron al frente del operativo en todo momento y la Polic\u00eda Municipal \u00fanicamente sirvi\u00f3 de apoyo en ese operativo\u201d.<\/p>\n\n\n\n<p>Finalmente, Alejandro Barrag\u00e1n asegur\u00f3; \u201cEste suceso nos roba la tranquilidad a todos, no esper\u00e1bamos esta situaci\u00f3n, sin embargo, insisto desde el inicio ya est\u00e1bamos informados de que la Guardia Nacional, estaba haciendo un reconocimiento en los puntos de la ciudad, donde ocurrieron los enfrentamientos y que ya se recupero la calma en su totalidad\u201d.<\/p>\n","protected":false},"excerpt":{"rendered":"<p>Fue justo en el cruce de las calles Benito G\u00f3mez Far\u00edas, Menta y Canela, donde se suscit\u00f3 el primer enfrentamiento a las 19:30 horas de este viernes Durante la noche del viernes y la madrugada del s\u00e1bado se registr\u00f3 una serie de enfrentamientos a mano armada, lo que provoc\u00f3 la alarma y el temor de [&hellip;]<\/p>\n","protected":false},"author":93,"featured_media":298626,"comment_status":"closed","ping_status":"closed","sticky":false,"template":"","format":"standard","meta":{"footnotes":""},"categories":[37,15],"tags":[],"class_list":["post-298625","post","type-post","status-publish","format-standard","has-post-thumbnail","hentry","category-barandilla","category-destacadas"],"_links":{"self":[{"href":"https:\/\/plazajuarez.mx\/historico\/wp-json\/wp\/v2\/posts\/298625","targetHints":{"allow":["GET"]}}],"collection":[{"href":"https:\/\/plazajuarez.mx\/historico\/wp-json\/wp\/v2\/posts"}],"about":[{"href":"https:\/\/plazajuarez.mx\/historico\/wp-json\/wp\/v2\/types\/post"}],"author":[{"embeddable":true,"href":"https:\/\/plazajuarez.mx\/historico\/wp-json\/wp\/v2\/users\/93"}],"replies":[{"embeddable":true,"href":"https:\/\/plazajuarez.mx\/historico\/wp-json\/wp\/v2\/comments?post=298625"}],"version-history":[{"count":0,"href":"https:\/\/plazajuarez.mx\/historico\/wp-json\/wp\/v2\/posts\/298625\/revisions"}],"wp:featuredmedia":[{"embeddable":true,"href":"https:\/\/plazajuarez.mx\/historico\/wp-json\/wp\/v2\/media\/298626"}],"wp:attachment":[{"href":"https:\/\/plazajuarez.mx\/historico\/wp-json\/wp\/v2\/media?parent=298625"}],"wp:term":[{"taxonomy":"category","embeddable":true,"href":"https:\/\/plazajuarez.mx\/historico\/wp-json\/wp\/v2\/categories?post=298625"},{"taxonomy":"post_tag","embeddable":true,"href":"https:\/\/plazajuarez.mx\/historico\/wp-json\/wp\/v2\/tags?post=298625"}],"curies":[{"name":"wp","href":"https:\/\/api.w.org\/{rel}","templated":true}]}}