{"id":298616,"date":"2024-02-17T18:35:46","date_gmt":"2024-02-18T00:35:46","guid":{"rendered":"https:\/\/plazajuarez.mx\/?p=298616"},"modified":"2024-02-17T18:35:48","modified_gmt":"2024-02-18T00:35:48","slug":"va-a-haber-una-mujer-presidenta-y-de-la-transformacion-claudia-sheinbaum-destaco-en-su-visita-a-la-militancia-de-la-coalicion-sigamos-haciendo-hi","status":"publish","type":"post","link":"https:\/\/plazajuarez.mx\/historico\/va-a-haber-una-mujer-presidenta-y-de-la-transformacion-claudia-sheinbaum-destaco-en-su-visita-a-la-militancia-de-la-coalicion-sigamos-haciendo-hi\/","title":{"rendered":"\u2019\u2019Va a haber una mujer Presidenta y de la Transformaci\u00f3n\u2019\u2019: Claudia Sheinbaum destac\u00f3 en su visita a la militancia de la coalici\u00f3n \u2018\u2019Sigamos Haciendo Historia\u2019\u2019 en Monterrey, Nuevo Le\u00f3n"},"content":{"rendered":"\n<p>\u2019\u2019Lo m\u00e1s importante es que ahora va a haber una mujer Presidenta y de la Transformaci\u00f3n\u2019\u2019, destac\u00f3 Claudia Sheinbaum ante medios de comunicaci\u00f3n de Nuevo Le\u00f3n, a quienes asegur\u00f3 estar preparada para la siguiente etapa que viene en la vida pol\u00edtica del pa\u00eds.<\/p>\n\n\n\n<p>Destac\u00f3 que para la democracia en el pa\u00eds lo m\u00e1s importante es que por primera vez una mujer de la transformaci\u00f3n ser\u00e1 quien lidere los destinos de la naci\u00f3n, lo cual marca un hecho hist\u00f3rico para la igualdad.<\/p>\n\n\n\n<p>\u2018\u2019Me siento firme, segura, lista y vamos bien (\u2026) Vamos arriba aqu\u00ed en Nuevo Le\u00f3n y as\u00ed en todas las entidades de la Rep\u00fablica de manera muy importante, vamos muy bien, asever\u00f3.<\/p>\n\n\n\n<p>As\u00ed mismo, puntualiz\u00f3 estar inspirada durante esta etapa en su trayectoria como pol\u00edtica en la lucha de mujeres como Rosario Ibarra de Piedra, quien tambi\u00e9n rompi\u00f3 los estereotipos al postularse como candidata a la Presidencia de M\u00e9xico durante su \u00e9poca.<\/p>\n\n\n\n<p>Durante el di\u00e1logo con la prensa local de Nuevo Le\u00f3n, Claudia Sheinbaum tambi\u00e9n abord\u00f3 temas como la estrategia de seguridad basada en la atenci\u00f3n a las causas, su reuni\u00f3n con empresarios del estado con quienes comparti\u00f3 la importancia de la prosperidad compartida, as\u00ed como su opini\u00f3n sobre la problem\u00e1tica ambientalista y de abastecimiento de agua que preocupa en la entidad.<\/p>\n\n\n\n<p>\u2018\u2019Antes de traer m\u00e1s fuentes de abastecimiento, tenemos que resolver el tema del uso eficiente del agua, en la agricultura, en la industria, en todos los sectores que consumen agua, tanto en Nuevo Le\u00f3n y la Zona Metropolitana en Monterrey como en todo el pa\u00eds (\u2026) En cuanto a la contaminaci\u00f3n atmosf\u00e9rica lo que se hace para atender la contaminaci\u00f3n es un inventario de emisiones, aqu\u00ed falta actualizar el inventario de emisiones de la Zona Metropolitana de Monterrey, \u00bfen qu\u00e9 consiste un inventario de emisiones? En saber las fuentes de contaminaci\u00f3n y los contaminantes (\u2026) Hay que actualizar el inventario de emisiones y una vez que se actualice tomar medidas para disminuir la contaminaci\u00f3n de las diferentes fuentes\u2019\u2019, coment\u00f3.<\/p>\n\n\n\n<p>Tambi\u00e9n, Claudia Sheinbaum aprovech\u00f3 la ocasi\u00f3n para compartir lo que fue su encuentro con el Papa Francisco el pasado 15 de febrero de 2024.<\/p>\n\n\n\n<p>\u2019\u2019Fue un encuentro muy emotivo, aprend\u00ed mucho (\u2026) Fue algo maravilloso, habl\u00f3 de la importancia del perd\u00f3n, habl\u00f3 de las mujeres en la pol\u00edtica\u2019\u2019, comparti\u00f3.<\/p>\n","protected":false},"excerpt":{"rendered":"<p>\u2019\u2019Lo m\u00e1s importante es que ahora va a haber una mujer Presidenta y de la Transformaci\u00f3n\u2019\u2019, destac\u00f3 Claudia Sheinbaum ante medios de comunicaci\u00f3n de Nuevo Le\u00f3n, a quienes asegur\u00f3 estar preparada para la siguiente etapa que viene en la vida pol\u00edtica del pa\u00eds. Destac\u00f3 que para la democracia en el pa\u00eds lo m\u00e1s importante es [&hellip;]<\/p>\n","protected":false},"author":93,"featured_media":298617,"comment_status":"closed","ping_status":"closed","sticky":false,"template":"","format":"standard","meta":{"footnotes":""},"categories":[15,59],"tags":[],"class_list":["post-298616","post","type-post","status-publish","format-standard","has-post-thumbnail","hentry","category-destacadas","category-general"],"_links":{"self":[{"href":"https:\/\/plazajuarez.mx\/historico\/wp-json\/wp\/v2\/posts\/298616","targetHints":{"allow":["GET"]}}],"collection":[{"href":"https:\/\/plazajuarez.mx\/historico\/wp-json\/wp\/v2\/posts"}],"about":[{"href":"https:\/\/plazajuarez.mx\/historico\/wp-json\/wp\/v2\/types\/post"}],"author":[{"embeddable":true,"href":"https:\/\/plazajuarez.mx\/historico\/wp-json\/wp\/v2\/users\/93"}],"replies":[{"embeddable":true,"href":"https:\/\/plazajuarez.mx\/historico\/wp-json\/wp\/v2\/comments?post=298616"}],"version-history":[{"count":0,"href":"https:\/\/plazajuarez.mx\/historico\/wp-json\/wp\/v2\/posts\/298616\/revisions"}],"wp:featuredmedia":[{"embeddable":true,"href":"https:\/\/plazajuarez.mx\/historico\/wp-json\/wp\/v2\/media\/298617"}],"wp:attachment":[{"href":"https:\/\/plazajuarez.mx\/historico\/wp-json\/wp\/v2\/media?parent=298616"}],"wp:term":[{"taxonomy":"category","embeddable":true,"href":"https:\/\/plazajuarez.mx\/historico\/wp-json\/wp\/v2\/categories?post=298616"},{"taxonomy":"post_tag","embeddable":true,"href":"https:\/\/plazajuarez.mx\/historico\/wp-json\/wp\/v2\/tags?post=298616"}],"curies":[{"name":"wp","href":"https:\/\/api.w.org\/{rel}","templated":true}]}}