{"id":298505,"date":"2024-02-16T02:42:47","date_gmt":"2024-02-16T08:42:47","guid":{"rendered":"https:\/\/plazajuarez.mx\/?p=298505"},"modified":"2024-02-16T02:42:50","modified_gmt":"2024-02-16T08:42:50","slug":"transportistas-paralizan-las-carreteras-de-mexico","status":"publish","type":"post","link":"https:\/\/plazajuarez.mx\/historico\/transportistas-paralizan-las-carreteras-de-mexico\/","title":{"rendered":"Transportistas paralizan las carreteras de M\u00e9xico"},"content":{"rendered":"\n<p>La Alianza Mexicana de Organizaciones de Transportistas (Amotac) paraliz\u00f3 ayer las carreteras de M\u00e9xico con un paro nacional para denunciar un alza de la violencia del crimen organizado, con p\u00e9rdidas estimadas en 7 mil millones de pesos en 2023.<\/p>\n\n\n\n<p>Tras un incremento cercano al 5% de los robos a camiones con mercanc\u00eda en 2023, seg\u00fan la C\u00e1mara Nacional del Autotransporte de Carga (Canacar), decenas de miles de transportistas exigieron medidas al Gobierno de Andr\u00e9s Manuel L\u00f3pez Obrador, quien los acus\u00f3 de ser &#8220;conservadores&#8221; y negarse al di\u00e1logo.<\/p>\n\n\n\n<p>La Amotac, con m\u00e1s de 100 mil afiliados y un estimado de casi medio mill\u00f3n de veh\u00edculos, bloque\u00f3 las principales carreteras del pa\u00eds, como las que conectan a Ciudad de M\u00e9xico, Toluca, Quer\u00e9taro, Puebla, Veracruz, Pachuca y Guerrero.<strong>&nbsp;<\/strong><\/p>\n\n\n\n<h2 class=\"wp-block-heading\"><strong>Una protesta de frontera a frontera<\/strong><\/h2>\n\n\n\n<p>La protesta de los choferes tambi\u00e9n abarc\u00f3 desde Tamaulipas, en el l\u00edmite con Estados Unidos, hasta Chiapas, en la frontera con Centroam\u00e9rica.<\/p>\n\n\n\n<p>\u201cDuele perder a los conductores de los tr\u00e1ileres d\u00eda con d\u00eda, la seguridad en las carreteras es m\u00ednima y el exceso de cobros de peaje va en aumento\u201d, expuso a EFE el delegado de la Amotac en San Crist\u00f3bal, Chiapas, William de Jes\u00fas Arellano.<\/p>\n","protected":false},"excerpt":{"rendered":"<p>La Alianza Mexicana de Organizaciones de Transportistas (Amotac) paraliz\u00f3 ayer las carreteras de M\u00e9xico con un paro nacional para denunciar un alza de la violencia del crimen organizado, con p\u00e9rdidas estimadas en 7 mil millones de pesos en 2023. Tras un incremento cercano al 5% de los robos a camiones con mercanc\u00eda en 2023, seg\u00fan [&hellip;]<\/p>\n","protected":false},"author":80,"featured_media":298506,"comment_status":"closed","ping_status":"closed","sticky":false,"template":"","format":"standard","meta":{"footnotes":""},"categories":[36],"tags":[],"class_list":["post-298505","post","type-post","status-publish","format-standard","has-post-thumbnail","hentry","category-nacion"],"_links":{"self":[{"href":"https:\/\/plazajuarez.mx\/historico\/wp-json\/wp\/v2\/posts\/298505","targetHints":{"allow":["GET"]}}],"collection":[{"href":"https:\/\/plazajuarez.mx\/historico\/wp-json\/wp\/v2\/posts"}],"about":[{"href":"https:\/\/plazajuarez.mx\/historico\/wp-json\/wp\/v2\/types\/post"}],"author":[{"embeddable":true,"href":"https:\/\/plazajuarez.mx\/historico\/wp-json\/wp\/v2\/users\/80"}],"replies":[{"embeddable":true,"href":"https:\/\/plazajuarez.mx\/historico\/wp-json\/wp\/v2\/comments?post=298505"}],"version-history":[{"count":0,"href":"https:\/\/plazajuarez.mx\/historico\/wp-json\/wp\/v2\/posts\/298505\/revisions"}],"wp:featuredmedia":[{"embeddable":true,"href":"https:\/\/plazajuarez.mx\/historico\/wp-json\/wp\/v2\/media\/298506"}],"wp:attachment":[{"href":"https:\/\/plazajuarez.mx\/historico\/wp-json\/wp\/v2\/media?parent=298505"}],"wp:term":[{"taxonomy":"category","embeddable":true,"href":"https:\/\/plazajuarez.mx\/historico\/wp-json\/wp\/v2\/categories?post=298505"},{"taxonomy":"post_tag","embeddable":true,"href":"https:\/\/plazajuarez.mx\/historico\/wp-json\/wp\/v2\/tags?post=298505"}],"curies":[{"name":"wp","href":"https:\/\/api.w.org\/{rel}","templated":true}]}}