{"id":298502,"date":"2024-02-16T02:39:06","date_gmt":"2024-02-16T08:39:06","guid":{"rendered":"https:\/\/plazajuarez.mx\/?p=298502"},"modified":"2024-02-16T02:39:09","modified_gmt":"2024-02-16T08:39:09","slug":"cafetaleros-de-chiapas-protestan-para-exigir-mejores-precios-a-nestle","status":"publish","type":"post","link":"https:\/\/plazajuarez.mx\/historico\/cafetaleros-de-chiapas-protestan-para-exigir-mejores-precios-a-nestle\/","title":{"rendered":"Cafetaleros de Chiapas protestan para exigir mejores precios a Nestl\u00e9"},"content":{"rendered":"\n<p>Cafetaleros de Chiapas, en la frontera de M\u00e9xico con Guatemala, bloquearon este jueves la llamada &#8216;ruta del caf\u00e9&#8217; para exigir que la empresa Nestl\u00e9 les pague un mejor precio por el fruto.<\/p>\n\n\n\n<p>En la manifestaci\u00f3n, donde quemaron 15 costales de grano, participaron los productores de caf\u00e9 robusta de los municipios fronterizos con Centroam\u00e9rica, como Tapachula, Cacahoat\u00e1n, Tuxtla Chico, Uni\u00f3n Ju\u00e1rez, Huehuet\u00e1n, Huixtla, Tuzant\u00e1n, Escuintla, Ciudad Hidalgo y Villa Comaltitl\u00e1n.<\/p>\n\n\n\n<p>Los campesinos colocaron sobre la v\u00eda camiones de volteo, camionetas, motocicletas, triciclos, piedras, lonas y mantas contra la empresa multinacional que les compra el grano.<\/p>\n\n\n\n<p>El representante de los cafetaleros de Tapachula, Jaime del Toro Lozada, declar\u00f3 a EFE que desde hace tres a\u00f1os luchan para que Nestl\u00e9 pague un &#8220;precio justo&#8221; de 35 pesos por kilo, pero solo han conseguido 30 pesos.<\/p>\n","protected":false},"excerpt":{"rendered":"<p>Cafetaleros de Chiapas, en la frontera de M\u00e9xico con Guatemala, bloquearon este jueves la llamada &#8216;ruta del caf\u00e9&#8217; para exigir que la empresa Nestl\u00e9 les pague un mejor precio por el fruto. En la manifestaci\u00f3n, donde quemaron 15 costales de grano, participaron los productores de caf\u00e9 robusta de los municipios fronterizos con Centroam\u00e9rica, como Tapachula, [&hellip;]<\/p>\n","protected":false},"author":80,"featured_media":298503,"comment_status":"closed","ping_status":"closed","sticky":false,"template":"","format":"standard","meta":{"footnotes":""},"categories":[36],"tags":[],"class_list":["post-298502","post","type-post","status-publish","format-standard","has-post-thumbnail","hentry","category-nacion"],"_links":{"self":[{"href":"https:\/\/plazajuarez.mx\/historico\/wp-json\/wp\/v2\/posts\/298502","targetHints":{"allow":["GET"]}}],"collection":[{"href":"https:\/\/plazajuarez.mx\/historico\/wp-json\/wp\/v2\/posts"}],"about":[{"href":"https:\/\/plazajuarez.mx\/historico\/wp-json\/wp\/v2\/types\/post"}],"author":[{"embeddable":true,"href":"https:\/\/plazajuarez.mx\/historico\/wp-json\/wp\/v2\/users\/80"}],"replies":[{"embeddable":true,"href":"https:\/\/plazajuarez.mx\/historico\/wp-json\/wp\/v2\/comments?post=298502"}],"version-history":[{"count":0,"href":"https:\/\/plazajuarez.mx\/historico\/wp-json\/wp\/v2\/posts\/298502\/revisions"}],"wp:featuredmedia":[{"embeddable":true,"href":"https:\/\/plazajuarez.mx\/historico\/wp-json\/wp\/v2\/media\/298503"}],"wp:attachment":[{"href":"https:\/\/plazajuarez.mx\/historico\/wp-json\/wp\/v2\/media?parent=298502"}],"wp:term":[{"taxonomy":"category","embeddable":true,"href":"https:\/\/plazajuarez.mx\/historico\/wp-json\/wp\/v2\/categories?post=298502"},{"taxonomy":"post_tag","embeddable":true,"href":"https:\/\/plazajuarez.mx\/historico\/wp-json\/wp\/v2\/tags?post=298502"}],"curies":[{"name":"wp","href":"https:\/\/api.w.org\/{rel}","templated":true}]}}