{"id":298494,"date":"2024-02-16T02:18:27","date_gmt":"2024-02-16T08:18:27","guid":{"rendered":"https:\/\/plazajuarez.mx\/?p=298494"},"modified":"2024-02-16T02:18:30","modified_gmt":"2024-02-16T08:18:30","slug":"protestan-padres-de-familia-por-falta-de-maestros","status":"publish","type":"post","link":"https:\/\/plazajuarez.mx\/historico\/protestan-padres-de-familia-por-falta-de-maestros\/","title":{"rendered":"Protestan padres de familia por falta de maestros"},"content":{"rendered":"\n<p><strong>TULANCINGO<\/strong>.- Un grupo de padres de familia de la escuela primaria Leona Vicario, ubicada en la colonia 2 de Agosto en Tulancingo, protestaron la ma\u00f1ana de este jueves y tomaron las instalaciones por unos momentos, debido a que no cuentan con maestros algunos grupos, adem\u00e1s de que las instalaciones est\u00e9n en condiciones magras, ya que tampoco tienen un conserje.<\/p>\n\n\n\n<p>Los manifestantes exigieron a las autoridades de la Secretar\u00eda de Educaci\u00f3n P\u00fablica de Hidalgo, que complete la plantilla de maestros, adem\u00e1s de un conserje.<\/p>\n\n\n\n<p>Se\u00f1alaron que tienen la ausencia de tres docentes y a pesar de que han solicitado que se cubran esas plazas que tienen en los grupos de segundo, tercero y quinto grado, adem\u00e1s de un conserje, las autoridades no han hecho nada, por lo que tomaron la decisi\u00f3n de cerrar el plantel a manera de protesta.<\/p>\n\n\n\n<p>\u201cExigimos que la escuela est\u00e9 completa de maestros, queremos hechos no palabras\u201d, \u201cQueremos conserje\u201d, fueron algunas de las consignas que los tutores colocaron en la puerta del plantel educativo, la ma\u00f1ana de este jueves 15 de febrero.<\/p>\n\n\n\n<p>Trascendi\u00f3 entre padres de familia que dos de los docentes renunciaron, uno de ellos tras sufrir una agresi\u00f3n f\u00edsica por parte de una madre de familia el pasado 23 de enero, mientras que un segundo docente fue amenazado y renunci\u00f3, mientras que otro est\u00e1, al parecer en capacitaci\u00f3n.<\/p>\n\n\n\n<p>Se espera que personal de la SEPH de soluci\u00f3n a este conflicto, a m\u00e1s tardar para el pr\u00f3ximo lunes, ya que acudieron funcionarios a dialogar y llegar a acuerdos con los padres de familia para solucionar la problem\u00e1tica.<\/p>\n","protected":false},"excerpt":{"rendered":"<p>TULANCINGO.- Un grupo de padres de familia de la escuela primaria Leona Vicario, ubicada en la colonia 2 de Agosto en Tulancingo, protestaron la ma\u00f1ana de este jueves y tomaron las instalaciones por unos momentos, debido a que no cuentan con maestros algunos grupos, adem\u00e1s de que las instalaciones est\u00e9n en condiciones magras, ya que [&hellip;]<\/p>\n","protected":false},"author":70,"featured_media":298495,"comment_status":"closed","ping_status":"closed","sticky":false,"template":"","format":"standard","meta":{"footnotes":""},"categories":[40],"tags":[],"class_list":["post-298494","post","type-post","status-publish","format-standard","has-post-thumbnail","hentry","category-region"],"_links":{"self":[{"href":"https:\/\/plazajuarez.mx\/historico\/wp-json\/wp\/v2\/posts\/298494","targetHints":{"allow":["GET"]}}],"collection":[{"href":"https:\/\/plazajuarez.mx\/historico\/wp-json\/wp\/v2\/posts"}],"about":[{"href":"https:\/\/plazajuarez.mx\/historico\/wp-json\/wp\/v2\/types\/post"}],"author":[{"embeddable":true,"href":"https:\/\/plazajuarez.mx\/historico\/wp-json\/wp\/v2\/users\/70"}],"replies":[{"embeddable":true,"href":"https:\/\/plazajuarez.mx\/historico\/wp-json\/wp\/v2\/comments?post=298494"}],"version-history":[{"count":0,"href":"https:\/\/plazajuarez.mx\/historico\/wp-json\/wp\/v2\/posts\/298494\/revisions"}],"wp:featuredmedia":[{"embeddable":true,"href":"https:\/\/plazajuarez.mx\/historico\/wp-json\/wp\/v2\/media\/298495"}],"wp:attachment":[{"href":"https:\/\/plazajuarez.mx\/historico\/wp-json\/wp\/v2\/media?parent=298494"}],"wp:term":[{"taxonomy":"category","embeddable":true,"href":"https:\/\/plazajuarez.mx\/historico\/wp-json\/wp\/v2\/categories?post=298494"},{"taxonomy":"post_tag","embeddable":true,"href":"https:\/\/plazajuarez.mx\/historico\/wp-json\/wp\/v2\/tags?post=298494"}],"curies":[{"name":"wp","href":"https:\/\/api.w.org\/{rel}","templated":true}]}}