{"id":298491,"date":"2024-02-16T02:15:12","date_gmt":"2024-02-16T08:15:12","guid":{"rendered":"https:\/\/plazajuarez.mx\/?p=298491"},"modified":"2024-02-16T02:15:15","modified_gmt":"2024-02-16T08:15:15","slug":"otro-choque-afortunadamente-solo-hubo-perdidas-materiales","status":"publish","type":"post","link":"https:\/\/plazajuarez.mx\/historico\/otro-choque-afortunadamente-solo-hubo-perdidas-materiales\/","title":{"rendered":"Otro choque, afortunadamente solo hubo p\u00e9rdidas materiales\u00a0"},"content":{"rendered":"\n<p>TULANCINGO.- Fuerte encontronazo se dieron una camioneta y un tractocami\u00f3n la ma\u00f1ana del pasado jueves, en la Bajada de San Jos\u00e9, uno de los principales accesos a la ciudad de Tulancingo.<\/p>\n\n\n\n<p>Afortunadamente, no hubo personas lesionadas, pero el hecho alent\u00f3 la circulaci\u00f3n por la carretera federal M\u00e9xico-Tuxpan por un lapso aproximado de 20 minutos, seg\u00fan reportaron usuarios.<\/p>\n\n\n\n<p>De acuerdo con lo informado por la Guardia Nacional, el incidente se present\u00f3 a la altura del kil\u00f3metro 39.8, casi en el sem\u00e1foro que est\u00e1 paralelo a las barbacoas y a unos cuantos metros de la entrada a la colonia Habitacional del Bosque.<\/p>\n\n\n\n<p>Los uniformados refieren que el tracto cami\u00f3n color rojo y con semirremolque circulaba al mando de Ra\u00fal N., proveniente de Tulancingo. Sin embargo, al querer tomar una calle aleda\u00f1a a la v\u00eda y dadas sus dimensiones, acapar\u00f3 m\u00e1s de un carril, lo que gener\u00f3 un corte a la circulaci\u00f3n y el posterior impacto de una camioneta.<\/p>\n\n\n\n<p>La segunda unidad, una camioneta conducida por Alberto N., choc\u00f3 su parte frontal izquierda contra el tracto, ambas unidades quedaron sobre la v\u00eda. Aunque oficialmente no hubo cierre a la circulaci\u00f3n, el tr\u00e1fico de salida rumbo a Pachuca y Ciudad de M\u00e9xico se congestion\u00f3.<\/p>\n","protected":false},"excerpt":{"rendered":"<p>TULANCINGO.- Fuerte encontronazo se dieron una camioneta y un tractocami\u00f3n la ma\u00f1ana del pasado jueves, en la Bajada de San Jos\u00e9, uno de los principales accesos a la ciudad de Tulancingo. Afortunadamente, no hubo personas lesionadas, pero el hecho alent\u00f3 la circulaci\u00f3n por la carretera federal M\u00e9xico-Tuxpan por un lapso aproximado de 20 minutos, seg\u00fan [&hellip;]<\/p>\n","protected":false},"author":70,"featured_media":298492,"comment_status":"closed","ping_status":"closed","sticky":false,"template":"","format":"standard","meta":{"footnotes":""},"categories":[40],"tags":[],"class_list":["post-298491","post","type-post","status-publish","format-standard","has-post-thumbnail","hentry","category-region"],"_links":{"self":[{"href":"https:\/\/plazajuarez.mx\/historico\/wp-json\/wp\/v2\/posts\/298491","targetHints":{"allow":["GET"]}}],"collection":[{"href":"https:\/\/plazajuarez.mx\/historico\/wp-json\/wp\/v2\/posts"}],"about":[{"href":"https:\/\/plazajuarez.mx\/historico\/wp-json\/wp\/v2\/types\/post"}],"author":[{"embeddable":true,"href":"https:\/\/plazajuarez.mx\/historico\/wp-json\/wp\/v2\/users\/70"}],"replies":[{"embeddable":true,"href":"https:\/\/plazajuarez.mx\/historico\/wp-json\/wp\/v2\/comments?post=298491"}],"version-history":[{"count":0,"href":"https:\/\/plazajuarez.mx\/historico\/wp-json\/wp\/v2\/posts\/298491\/revisions"}],"wp:featuredmedia":[{"embeddable":true,"href":"https:\/\/plazajuarez.mx\/historico\/wp-json\/wp\/v2\/media\/298492"}],"wp:attachment":[{"href":"https:\/\/plazajuarez.mx\/historico\/wp-json\/wp\/v2\/media?parent=298491"}],"wp:term":[{"taxonomy":"category","embeddable":true,"href":"https:\/\/plazajuarez.mx\/historico\/wp-json\/wp\/v2\/categories?post=298491"},{"taxonomy":"post_tag","embeddable":true,"href":"https:\/\/plazajuarez.mx\/historico\/wp-json\/wp\/v2\/tags?post=298491"}],"curies":[{"name":"wp","href":"https:\/\/api.w.org\/{rel}","templated":true}]}}