{"id":298331,"date":"2024-02-15T01:30:48","date_gmt":"2024-02-15T07:30:48","guid":{"rendered":"https:\/\/plazajuarez.mx\/?p=298331"},"modified":"2024-02-15T01:30:54","modified_gmt":"2024-02-15T07:30:54","slug":"llevaran-agua-de-hidalgo-al-valle-de-mexico","status":"publish","type":"post","link":"https:\/\/plazajuarez.mx\/historico\/llevaran-agua-de-hidalgo-al-valle-de-mexico\/","title":{"rendered":"Llevar\u00e1n agua de Hidalgo al Valle de M\u00e9xico"},"content":{"rendered":"\n<p>VALLE DEL MEZQUITAL.-\u00a0Este mi\u00e9rcoles, el presidente Andr\u00e9s Manuel L\u00f3pez Obrador anunci\u00f3 la perforaci\u00f3n de pozos para atender la crisis del agua que se vive en la Ciudad de M\u00e9xico y en el Estado de M\u00e9xico, donde se tiene previsto aprovechar el agua del acu\u00edfero del Mezquital y de la zona donde est\u00e1 el Aeropuerto Internacional Felipe \u00c1ngeles (AIFA)\u00a0<\/p>\n\n\n\n<p>De acuerdo a la Comisi\u00f3n Nacional del Agua (CONAGUA), el acu\u00edfero se encuentra ubicado en los municipios de Actopan, Santiago de Anaya, parte de Ixmiquilpan y Cardonal, donde se ubica una de las reservas h\u00eddricas m\u00e1s importantes.&nbsp;<\/p>\n\n\n\n<p>Cabe se\u00f1alar, que desde el 2012, se promovi\u00f3 para cambiar la veda en la que se encuentra este acu\u00edfero, con la finalidad de aprovecharlo para alimentar la zona metropolitana de Pachuca, que desde entonces buscaba construir un acueducto y resolver el desabasto de la capital hidalguense.&nbsp;<\/p>\n\n\n\n<p>Luego del paso de los a\u00f1os, cuando se anunci\u00f3 la construcci\u00f3n del Aeropuerto Internacional Felipe \u00c1ngeles (AIFA), se retom\u00f3 la propuesta para la construcci\u00f3n de este acueducto, el cual fue ratificado ayer por el Presidente de M\u00e9xico, lo cual estar\u00eda en un corto plazo.&nbsp;<\/p>\n","protected":false},"excerpt":{"rendered":"<p>VALLE DEL MEZQUITAL.-\u00a0Este mi\u00e9rcoles, el presidente Andr\u00e9s Manuel L\u00f3pez Obrador anunci\u00f3 la perforaci\u00f3n de pozos para atender la crisis del agua que se vive en la Ciudad de M\u00e9xico y en el Estado de M\u00e9xico, donde se tiene previsto aprovechar el agua del acu\u00edfero del Mezquital y de la zona donde est\u00e1 el Aeropuerto Internacional [&hellip;]<\/p>\n","protected":false},"author":75,"featured_media":298332,"comment_status":"closed","ping_status":"closed","sticky":false,"template":"","format":"standard","meta":{"footnotes":""},"categories":[15,40],"tags":[],"class_list":["post-298331","post","type-post","status-publish","format-standard","has-post-thumbnail","hentry","category-destacadas","category-region"],"_links":{"self":[{"href":"https:\/\/plazajuarez.mx\/historico\/wp-json\/wp\/v2\/posts\/298331","targetHints":{"allow":["GET"]}}],"collection":[{"href":"https:\/\/plazajuarez.mx\/historico\/wp-json\/wp\/v2\/posts"}],"about":[{"href":"https:\/\/plazajuarez.mx\/historico\/wp-json\/wp\/v2\/types\/post"}],"author":[{"embeddable":true,"href":"https:\/\/plazajuarez.mx\/historico\/wp-json\/wp\/v2\/users\/75"}],"replies":[{"embeddable":true,"href":"https:\/\/plazajuarez.mx\/historico\/wp-json\/wp\/v2\/comments?post=298331"}],"version-history":[{"count":0,"href":"https:\/\/plazajuarez.mx\/historico\/wp-json\/wp\/v2\/posts\/298331\/revisions"}],"wp:featuredmedia":[{"embeddable":true,"href":"https:\/\/plazajuarez.mx\/historico\/wp-json\/wp\/v2\/media\/298332"}],"wp:attachment":[{"href":"https:\/\/plazajuarez.mx\/historico\/wp-json\/wp\/v2\/media?parent=298331"}],"wp:term":[{"taxonomy":"category","embeddable":true,"href":"https:\/\/plazajuarez.mx\/historico\/wp-json\/wp\/v2\/categories?post=298331"},{"taxonomy":"post_tag","embeddable":true,"href":"https:\/\/plazajuarez.mx\/historico\/wp-json\/wp\/v2\/tags?post=298331"}],"curies":[{"name":"wp","href":"https:\/\/api.w.org\/{rel}","templated":true}]}}