{"id":29825,"date":"2016-10-10T14:59:34","date_gmt":"2016-10-10T14:59:34","guid":{"rendered":"http:\/\/plazajuarez.mx\/index\/index.php\/2016\/10\/10\/convocan-a-partidos-a-unirse-contra-donald-trump\/"},"modified":"2016-10-10T14:59:34","modified_gmt":"2016-10-10T14:59:34","slug":"convocan-a-partidos-a-unirse-contra-donald-trump","status":"publish","type":"post","link":"https:\/\/plazajuarez.mx\/historico\/convocan-a-partidos-a-unirse-contra-donald-trump\/","title":{"rendered":"Convocan a partidos a unirse contra Donald Trump"},"content":{"rendered":"<p>\u25cf\u00a0\u00a0\u00a0 Antonio Villaraigosa, ex alcalde de Los \u00c1ngeles, a trav\u00e9s de una carta, llam\u00f3 a los nueve l\u00edderes de partidos nacionales y a un aspirante independiente a la Presidencia de M\u00e9xico, dejar de lado sus diferencias y sumarse a la campa\u00f1a Diles que Voten para llamar a los migrantes mexicanos en Estados Unidos a votar, sin mencionar su nombre directo en ninguna ocasi\u00f3n, en contra del candidato republicano Donald Trump, en las pr\u00f3ximas elecciones del 8 de noviembre<\/p>\n<p>  <!--more-->  <\/p>\n<p>CIUDAD DE M\u00c9XICO.- A trav\u00e9s de una carta, el ex alcalde de Los \u00c1ngeles, Antonio Villaraigosa, llam\u00f3 a los nueve l\u00edderes de partidos nacionales y a un aspirante independiente a la Presidencia de M\u00e9xico, dejar de lado sus diferencias y sumarse a la campa\u00f1a Diles que Voten para llamar a los migrantes mexicanos en Estados Unidos a votar, sin mencionar su nombre directo en ninguna ocasi\u00f3n, en contra del candidato republicano Donald Trump, en las pr\u00f3ximas elecciones del 8 de noviembre.<br \/>En la misiva en poder de EL UNIVERSAL, el primer pol\u00edtico de origen hispano en ganar la alcald\u00eda de Los \u00c1ngeles pidi\u00f3 a los dirigentes partidistas del PRI, PAN, PRD, Movimiento Ciudadano, Morena, PT, PES, Panal, PVEM y al aspirante independiente Jorge Casta\u00f1eda, no quedarse con los brazos cruzados y defender los derechos de la comunidad latina en el vecino pa\u00eds del norte.<br \/>\u201cLes escribo esta carta porque creo que ustedes hoy tienen una gran responsabilidad y una gran oportunidad: utilizar su liderazgo social para apoyar esta campa\u00f1a o cualquier otro esfuerzo que ayude a despertar al gigante dormido. Los invito a dejar a un lado sus diferencias y sumarse en un esfuerzo com\u00fan para defender a la democracia y sobre todo, para fortalecer a la comunidad latina en los Estados Unidos.<\/p>\n","protected":false},"excerpt":{"rendered":"<p>\u25cf\u00a0\u00a0\u00a0 Antonio Villaraigosa, ex alcalde de Los \u00c1ngeles, a trav\u00e9s de una carta, llam\u00f3 a los nueve l\u00edderes de partidos nacionales y a un aspirante independiente a la Presidencia de M\u00e9xico, dejar de lado sus diferencias y sumarse a la campa\u00f1a Diles que Voten para llamar a los migrantes mexicanos en Estados Unidos a votar, [&hellip;]<\/p>\n","protected":false},"author":93,"featured_media":0,"comment_status":"open","ping_status":"open","sticky":false,"template":"","format":"standard","meta":{"footnotes":""},"categories":[36],"tags":[],"class_list":["post-29825","post","type-post","status-publish","format-standard","hentry","category-nacion"],"_links":{"self":[{"href":"https:\/\/plazajuarez.mx\/historico\/wp-json\/wp\/v2\/posts\/29825","targetHints":{"allow":["GET"]}}],"collection":[{"href":"https:\/\/plazajuarez.mx\/historico\/wp-json\/wp\/v2\/posts"}],"about":[{"href":"https:\/\/plazajuarez.mx\/historico\/wp-json\/wp\/v2\/types\/post"}],"author":[{"embeddable":true,"href":"https:\/\/plazajuarez.mx\/historico\/wp-json\/wp\/v2\/users\/93"}],"replies":[{"embeddable":true,"href":"https:\/\/plazajuarez.mx\/historico\/wp-json\/wp\/v2\/comments?post=29825"}],"version-history":[{"count":0,"href":"https:\/\/plazajuarez.mx\/historico\/wp-json\/wp\/v2\/posts\/29825\/revisions"}],"wp:attachment":[{"href":"https:\/\/plazajuarez.mx\/historico\/wp-json\/wp\/v2\/media?parent=29825"}],"wp:term":[{"taxonomy":"category","embeddable":true,"href":"https:\/\/plazajuarez.mx\/historico\/wp-json\/wp\/v2\/categories?post=29825"},{"taxonomy":"post_tag","embeddable":true,"href":"https:\/\/plazajuarez.mx\/historico\/wp-json\/wp\/v2\/tags?post=29825"}],"curies":[{"name":"wp","href":"https:\/\/api.w.org\/{rel}","templated":true}]}}