{"id":29823,"date":"2016-10-10T14:59:30","date_gmt":"2016-10-10T14:59:30","guid":{"rendered":"http:\/\/plazajuarez.mx\/index\/index.php\/2016\/10\/10\/busca-imss-aplicar-mas-de-1-6-millones-de-vacunas\/"},"modified":"2016-10-10T14:59:30","modified_gmt":"2016-10-10T14:59:30","slug":"busca-imss-aplicar-mas-de-1-6-millones-de-vacunas","status":"publish","type":"post","link":"https:\/\/plazajuarez.mx\/historico\/busca-imss-aplicar-mas-de-1-6-millones-de-vacunas\/","title":{"rendered":"BUSCA IMSS APLICAR M\u00c1S DE 1.6 MILLONES DE VACUNAS"},"content":{"rendered":"<p>IUDAD DE M\u00c9XICO.- En la Tercera Semana Nacional de Salud, que se realizar\u00e1 del 10 al 14 de octubre, el Instituto Mexicano del Seguro Social (IMSS), en coordinaci\u00f3n con las instituciones del Sistema Nacional de Salud, tiene como meta la aplicaci\u00f3n de un mill\u00f3n 651 mil 147 vacunas, principalmente para prevenir sarampi\u00f3n, rub\u00e9ola y parotiditis (paperas) en la poblaci\u00f3n infantil, as\u00ed como la inmunizaci\u00f3n contra el Virus del Papiloma Humano (VPH) a ni\u00f1as de quinto a\u00f1o de primaria y de 11 a\u00f1os no inscritas en el sistema educativo.<\/p>\n<p>  <!--more-->  <\/p>\n<p>En \u00e9sta se pretende incrementar las coberturas de vacunaci\u00f3n en ni\u00f1os menores de ocho a\u00f1os y disminuir la mortalidad por enfermedades diarreicas e infecciones respiratorias en menores de cinco.<\/p>\n","protected":false},"excerpt":{"rendered":"<p>IUDAD DE M\u00c9XICO.- En la Tercera Semana Nacional de Salud, que se realizar\u00e1 del 10 al 14 de octubre, el Instituto Mexicano del Seguro Social (IMSS), en coordinaci\u00f3n con las instituciones del Sistema Nacional de Salud, tiene como meta la aplicaci\u00f3n de un mill\u00f3n 651 mil 147 vacunas, principalmente para prevenir sarampi\u00f3n, rub\u00e9ola y parotiditis [&hellip;]<\/p>\n","protected":false},"author":93,"featured_media":0,"comment_status":"open","ping_status":"open","sticky":false,"template":"","format":"standard","meta":{"footnotes":""},"categories":[36],"tags":[],"class_list":["post-29823","post","type-post","status-publish","format-standard","hentry","category-nacion"],"_links":{"self":[{"href":"https:\/\/plazajuarez.mx\/historico\/wp-json\/wp\/v2\/posts\/29823","targetHints":{"allow":["GET"]}}],"collection":[{"href":"https:\/\/plazajuarez.mx\/historico\/wp-json\/wp\/v2\/posts"}],"about":[{"href":"https:\/\/plazajuarez.mx\/historico\/wp-json\/wp\/v2\/types\/post"}],"author":[{"embeddable":true,"href":"https:\/\/plazajuarez.mx\/historico\/wp-json\/wp\/v2\/users\/93"}],"replies":[{"embeddable":true,"href":"https:\/\/plazajuarez.mx\/historico\/wp-json\/wp\/v2\/comments?post=29823"}],"version-history":[{"count":0,"href":"https:\/\/plazajuarez.mx\/historico\/wp-json\/wp\/v2\/posts\/29823\/revisions"}],"wp:attachment":[{"href":"https:\/\/plazajuarez.mx\/historico\/wp-json\/wp\/v2\/media?parent=29823"}],"wp:term":[{"taxonomy":"category","embeddable":true,"href":"https:\/\/plazajuarez.mx\/historico\/wp-json\/wp\/v2\/categories?post=29823"},{"taxonomy":"post_tag","embeddable":true,"href":"https:\/\/plazajuarez.mx\/historico\/wp-json\/wp\/v2\/tags?post=29823"}],"curies":[{"name":"wp","href":"https:\/\/api.w.org\/{rel}","templated":true}]}}