{"id":29822,"date":"2016-10-10T14:59:32","date_gmt":"2016-10-10T14:59:32","guid":{"rendered":"http:\/\/plazajuarez.mx\/index\/index.php\/2016\/10\/10\/diputados-de-mc-apoyan-a-candidata-democrata\/"},"modified":"2016-10-10T14:59:32","modified_gmt":"2016-10-10T14:59:32","slug":"diputados-de-mc-apoyan-a-candidata-democrata","status":"publish","type":"post","link":"https:\/\/plazajuarez.mx\/historico\/diputados-de-mc-apoyan-a-candidata-democrata\/","title":{"rendered":"Diputados de MC apoyan a candidata dem\u00f3crata"},"content":{"rendered":"<p>CAMPA\u00d1A<\/p>\n<p>  <!--more-->  <\/p>\n<p>CIUDAD DE M\u00c9XICO.- Los diputados federales de Movimiento Ciudadano (MC) iniciaron la campa\u00f1a \u201cDel Mismo Lado\u201d, para promocionar el voto por la candidata dem\u00f3crata al gobierno de Estados Unidos, Hillary Clinton, porque en su opini\u00f3n la elecci\u00f3n de noviembre pr\u00f3ximo no definir\u00e1 s\u00f3lo el rumbo del pa\u00eds vecino, sino tambi\u00e9n el que tomar\u00e1 M\u00e9xico.<br \/>El legislador Carlos Lomel\u00ed, quien encabeza la iniciativa, indic\u00f3 que ante la falta de una postura clara del presidente Enrique Pe\u00f1a Nieto respecto a los constantes ataques hacia M\u00e9xico por parte del candidato republicano, Donald Trump, la bancada federal de MC decidi\u00f3 iniciar con esta campa\u00f1a que se difunde a trav\u00e9s de redes sociales y se financia con aportaciones voluntarias de los 24 diputados de su partido.<br \/>\u201cSomos absolutamente respetuosos de la soberan\u00eda de nuestros vecinos, pero ante la incapacidad del gobierno federal para poner un freno al discurso racista y de odio al llamar a nuestros hermanos mexicanos criminales, violadores y narcotraficantes, no podemos quedarnos callados. Demos una lecci\u00f3n a Donald Trump, a trav\u00e9s del voto\u201d, dijo.<\/p>\n","protected":false},"excerpt":{"rendered":"<p>CAMPA\u00d1A<\/p>\n","protected":false},"author":93,"featured_media":0,"comment_status":"open","ping_status":"open","sticky":false,"template":"","format":"standard","meta":{"footnotes":""},"categories":[36],"tags":[],"class_list":["post-29822","post","type-post","status-publish","format-standard","hentry","category-nacion"],"_links":{"self":[{"href":"https:\/\/plazajuarez.mx\/historico\/wp-json\/wp\/v2\/posts\/29822","targetHints":{"allow":["GET"]}}],"collection":[{"href":"https:\/\/plazajuarez.mx\/historico\/wp-json\/wp\/v2\/posts"}],"about":[{"href":"https:\/\/plazajuarez.mx\/historico\/wp-json\/wp\/v2\/types\/post"}],"author":[{"embeddable":true,"href":"https:\/\/plazajuarez.mx\/historico\/wp-json\/wp\/v2\/users\/93"}],"replies":[{"embeddable":true,"href":"https:\/\/plazajuarez.mx\/historico\/wp-json\/wp\/v2\/comments?post=29822"}],"version-history":[{"count":0,"href":"https:\/\/plazajuarez.mx\/historico\/wp-json\/wp\/v2\/posts\/29822\/revisions"}],"wp:attachment":[{"href":"https:\/\/plazajuarez.mx\/historico\/wp-json\/wp\/v2\/media?parent=29822"}],"wp:term":[{"taxonomy":"category","embeddable":true,"href":"https:\/\/plazajuarez.mx\/historico\/wp-json\/wp\/v2\/categories?post=29822"},{"taxonomy":"post_tag","embeddable":true,"href":"https:\/\/plazajuarez.mx\/historico\/wp-json\/wp\/v2\/tags?post=29822"}],"curies":[{"name":"wp","href":"https:\/\/api.w.org\/{rel}","templated":true}]}}