{"id":29821,"date":"2016-10-10T14:59:20","date_gmt":"2016-10-10T14:59:20","guid":{"rendered":"http:\/\/plazajuarez.mx\/index\/index.php\/2016\/10\/10\/teme-ip-que-no-se-materialice-recorte-presupuestal-de-2016\/"},"modified":"2016-10-10T14:59:20","modified_gmt":"2016-10-10T14:59:20","slug":"teme-ip-que-no-se-materialice-recorte-presupuestal-de-2016","status":"publish","type":"post","link":"https:\/\/plazajuarez.mx\/historico\/teme-ip-que-no-se-materialice-recorte-presupuestal-de-2016\/","title":{"rendered":"Teme IP que no se materialice recorte presupuestal de 2016"},"content":{"rendered":"<p>CEESP\u00a0 <br \/>\u25cf\u00a0\u00a0\u00a0 De acuerdo con el organismo empresarial, es posible que las cifras del gasto p\u00fablico muestren un aumento en el ejercicio, situaci\u00f3n que preocupa en el mercado<\/p>\n<p>  <!--more-->  <\/p>\n<p>CIUDAD DE M\u00c9XICO.- El recorte presupuestal que anunci\u00f3 el gobierno federal para el presente a\u00f1o puede no resultar cierto como tambi\u00e9n ocurri\u00f3 en 2015, advirti\u00f3 el Centro de Estudios Econ\u00f3micos del Sector P\u00fablico (CEESP).<br \/>De acuerdo con el organismo empresarial, es posible que las cifras del gasto p\u00fablico muestren un aumento en el ejercicio, situaci\u00f3n que preocupa en el mercado.<br \/>\u201cEl gasto programable en los primeros ocho meses del presente a\u00f1o ascendi\u00f3 a 2 mil 601 millones de pesos, cifra que super\u00f3 en 148.6 millones de pesos al gasto ejercido en el mismo lapso de 2015 y en 161.5 millones a la cifra aprobada en el Presupuesto de Egresos 2016 para el periodo enero-agosto del presente a\u00f1o\u201d, explic\u00f3 el Centro que dirige Luis Foncerrada.<br \/>En gasto total acumul\u00f3 3 mil 383.3 millones de pesos al cierre de agosto, una cantidad que super\u00f3 en 235.9 millones de pesos el monto que se ejerci\u00f3 en el mismo periodo del a\u00f1o pasado y en 210.5 millones lo que se presupuest\u00f3 en el mismo lapso del presente a\u00f1o.<br \/>Para el CEESP, una de las preocupaciones m\u00e1s importantes que existen en torno a la econom\u00eda mexicana es el tema de las finanzas p\u00fablicas y la incertidumbre de que se cumplan los objetivos del programa econ\u00f3mico para 2017, es decir, que verdaderamente haya recorte del gasto del gobierno federal, que se logre un super\u00e1vit primario y se reduzca la deuda como porcentaje del PIB.<br \/>\u201cLa percepci\u00f3n del mercado refleja, que adem\u00e1s de la debilidad del entorno externo, una de las principales preocupaciones sigue siendo la situaci\u00f3n actual de las finanzas p\u00fablicas y la incertidumbre de que realmente se cumplan los objetivos del programa econ\u00f3mico para 2017\u201d, aseveraron los economistas del organismo en el An\u00e1lisis Econ\u00f3mico Ejecutivo del CEESP.<br \/>Expresaron que la experiencia de a\u00f1os pasados fue que en 2015, a pesar de que se anunci\u00f3 de un recorte preventivo de 124 mil millones de pesos, al cierre del ejercicio hubo un sobreejercicio de 197 millones de pesos, y se registr\u00f3 un saldo hist\u00f3rico en los requerimientos financieros del sector p\u00fablico de 4.3 puntos del PIB.<\/p>\n","protected":false},"excerpt":{"rendered":"<p>CEESP\u00a0 \u25cf\u00a0\u00a0\u00a0 De acuerdo con el organismo empresarial, es posible que las cifras del gasto p\u00fablico muestren un aumento en el ejercicio, situaci\u00f3n que preocupa en el mercado<\/p>\n","protected":false},"author":93,"featured_media":0,"comment_status":"open","ping_status":"open","sticky":false,"template":"","format":"standard","meta":{"footnotes":""},"categories":[36],"tags":[],"class_list":["post-29821","post","type-post","status-publish","format-standard","hentry","category-nacion"],"_links":{"self":[{"href":"https:\/\/plazajuarez.mx\/historico\/wp-json\/wp\/v2\/posts\/29821","targetHints":{"allow":["GET"]}}],"collection":[{"href":"https:\/\/plazajuarez.mx\/historico\/wp-json\/wp\/v2\/posts"}],"about":[{"href":"https:\/\/plazajuarez.mx\/historico\/wp-json\/wp\/v2\/types\/post"}],"author":[{"embeddable":true,"href":"https:\/\/plazajuarez.mx\/historico\/wp-json\/wp\/v2\/users\/93"}],"replies":[{"embeddable":true,"href":"https:\/\/plazajuarez.mx\/historico\/wp-json\/wp\/v2\/comments?post=29821"}],"version-history":[{"count":0,"href":"https:\/\/plazajuarez.mx\/historico\/wp-json\/wp\/v2\/posts\/29821\/revisions"}],"wp:attachment":[{"href":"https:\/\/plazajuarez.mx\/historico\/wp-json\/wp\/v2\/media?parent=29821"}],"wp:term":[{"taxonomy":"category","embeddable":true,"href":"https:\/\/plazajuarez.mx\/historico\/wp-json\/wp\/v2\/categories?post=29821"},{"taxonomy":"post_tag","embeddable":true,"href":"https:\/\/plazajuarez.mx\/historico\/wp-json\/wp\/v2\/tags?post=29821"}],"curies":[{"name":"wp","href":"https:\/\/api.w.org\/{rel}","templated":true}]}}