{"id":29820,"date":"2016-10-10T14:24:53","date_gmt":"2016-10-10T14:24:53","guid":{"rendered":"http:\/\/plazajuarez.mx\/index\/index.php\/2016\/10\/10\/amargo-centenario-2\/"},"modified":"2016-10-10T14:24:53","modified_gmt":"2016-10-10T14:24:53","slug":"amargo-centenario-2","status":"publish","type":"post","link":"https:\/\/plazajuarez.mx\/historico\/amargo-centenario-2\/","title":{"rendered":"AMARGO CENTENARIO"},"content":{"rendered":"<p>GUADALAJARA 2-1 AM\u00c9RICA<\/p>\n<p>\u25cf\u00a0\u00a0\u00a0 Pasaron seis a\u00f1os desde el \u00faltimo Cl\u00e1sico en el Coloso de la Calzada Independencia; la cancha de este recinto vibr\u00f3 con las actuaciones de jugadores hist\u00f3ricos<\/p>\n<p>PARA RECORDAR<br \/>Los aficionados ped\u00edan al &#8216;Bofo&#8217; Bautista, Ram\u00f3n Morales y Ram\u00f3n Ram\u00edrez. Aficionados del Guadalajara se mofaban de la derrota azulcrema.<\/p>\n<p>  <!--more-->  <\/p>\n<p>Las Chivas Rayadas del Guadalajara\u00a0 amargaron\u00a0 una vez m\u00e1s, el Centenario del Am\u00e9rica. Primero, el 3-0 en pleno Estadio Azteca en duelo v\u00e1lido por el Apertura 2016, ahora el Reba\u00f1o venci\u00f3 2-1 a las \u00c1guilas en el Cl\u00e1sico de las Leyendas, disputado en el Estadio Jalisco, en donde se vivi\u00f3 un gran ambiente familiar y sobre todo de mucha historia entre cada uno de los jugadores que se observaron en el terreno de juego.<br \/>Pasaron seis a\u00f1os desde el \u00faltimo Cl\u00e1sico en el Coloso de la Calzada Independencia; la cancha de este recinto vibr\u00f3 con las actuaciones de jugadores hist\u00f3ricos de las dos instituciones m\u00e1s importantes del f\u00fatbol mexicano.<br \/>Fernando Quirarte y el &#8216;Ruso&#8217; Brailovsky comandaron a rojiblancos y azulcremas, respectivamente. Las piezas se movieron constantemente, la actividad no paraba, fue un ambiente de fiesta y respondieron a la expectativa generada por m\u00e1s de 40 mil espectadores que se dieron cita en este lugar.<br \/>Las tribunas se llenaron de colorido, el Jalisco record\u00f3 viejos momentos. Ni\u00f1os que vivieron tantos Cl\u00e1sicos, convertidos en adultos observaron con atenci\u00f3n. Las barras llenaron sus respectivas zonas y no paraban de cantar. H\u00e9ctor Miguel Zelada y Javier Ledesma duraron poco en la cancha, fueron homenajeados. Minutos despu\u00e9s fueron sustituidos por Oswaldo S\u00e1nchez y el &#8216;Gallo&#8217; Garc\u00eda.<br \/>Adolfo Bautista y Ram\u00f3n Morales hicieron un viaje al 2006. Al 6&#8242;, el &#8216;Capi&#8217; Morales sirvi\u00f3 al &#8216;Bofo&#8217;, quien se meti\u00f3 al \u00e1rea para cruzar el disparo sin que Zelada lo pudiera detener. Chivas lo ganaba.<br \/>El del empate lleg\u00f3 al 20&#8242;. Reinaldo Navia, campe\u00f3n en 2005 aprovech\u00f3 un error de Oswaldo S\u00e1nchez, quien estaba mal colocado y mand\u00f3 el disparo a las redes. Ambos equipos estaban 1-1.<br \/>Chivas fue mejor en la segunda mitad. Salvador Carmona y Diego Mart\u00ednez se encargaron del gol de la victoria. Mart\u00ednez recibi\u00f3 la pelota por parte de Carmona, inhabilitado por la FIFA y desde las afueras del \u00e1rea mand\u00f3 un bombazo que se clav\u00f3 en la puerta del &#8216;Gallo&#8217; Garc\u00eda.<br \/>El resto del partido se desarroll\u00f3 en constante movimiento entre 22 hombres que constantemente eran sustituidos por sus t\u00e9cnicos. Nadie quer\u00eda regalar nada.<br \/>Los aficionados ped\u00edan al &#8216;Bofo&#8217; Bautista, Ram\u00f3n Morales y Ram\u00f3n Ram\u00edrez. Aficionados del Guadalajara se mofaban de la derrota azulcrema. Chivas se hab\u00eda quedado con el Cl\u00e1sico Hist\u00f3rico y la revancha quedar\u00e1 para la posteridad.<br \/>FRAN\u00c7OIS OMAM-BIYIK<br \/>&#8220;Contento, la gente me apoy\u00f3, Guadalajara es especial, mi primer Cl\u00e1sico fue aqu\u00ed, Am\u00e9rica gan\u00f3 y anot\u00e9 gol. Son buenos recuerdos, tenemos que pensar para el futuro de los chavos que vienen&#8221;.<\/p>\n<p>FERNANDO QUIRARTE<br \/>&#8220;No es de competencia, se siente, se sabe. Ya hab\u00edamos vivido uno en Estados Unidos, fue la venganza, la revancha. Ten\u00eda unas ganas enormes de jugar&#8221;.<br \/>ADOLFO BAUTISTA<br \/>&#8220;Era lo importante, vivir este momento inolvidable, lo disfrut\u00e9 al m\u00e1ximo. Es una gran motivaci\u00f3n para m\u00ed, he dicho que quisiera retirarme con la camiseta de Chivas. Si cuesta, par\u00e9 cinco meses la actividad&#8221;.<br \/>SALVADOR CABA\u00d1AS<br \/>&#8220;Lo esperaba. Fue espectacular, estoy feliz, ojal\u00e1 que se repita esto, que vuelvan a hacerlo otra vez&#8221;.<\/p>\n","protected":false},"excerpt":{"rendered":"<p>GUADALAJARA 2-1 AM\u00c9RICA \u25cf\u00a0\u00a0\u00a0 Pasaron seis a\u00f1os desde el \u00faltimo Cl\u00e1sico en el Coloso de la Calzada Independencia; la cancha de este recinto vibr\u00f3 con las actuaciones de jugadores hist\u00f3ricos PARA RECORDARLos aficionados ped\u00edan al &#8216;Bofo&#8217; Bautista, Ram\u00f3n Morales y Ram\u00f3n Ram\u00edrez. Aficionados del Guadalajara se mofaban de la derrota azulcrema.<\/p>\n","protected":false},"author":93,"featured_media":0,"comment_status":"open","ping_status":"open","sticky":false,"template":"","format":"standard","meta":{"footnotes":""},"categories":[39],"tags":[],"class_list":["post-29820","post","type-post","status-publish","format-standard","hentry","category-deportiva"],"_links":{"self":[{"href":"https:\/\/plazajuarez.mx\/historico\/wp-json\/wp\/v2\/posts\/29820","targetHints":{"allow":["GET"]}}],"collection":[{"href":"https:\/\/plazajuarez.mx\/historico\/wp-json\/wp\/v2\/posts"}],"about":[{"href":"https:\/\/plazajuarez.mx\/historico\/wp-json\/wp\/v2\/types\/post"}],"author":[{"embeddable":true,"href":"https:\/\/plazajuarez.mx\/historico\/wp-json\/wp\/v2\/users\/93"}],"replies":[{"embeddable":true,"href":"https:\/\/plazajuarez.mx\/historico\/wp-json\/wp\/v2\/comments?post=29820"}],"version-history":[{"count":0,"href":"https:\/\/plazajuarez.mx\/historico\/wp-json\/wp\/v2\/posts\/29820\/revisions"}],"wp:attachment":[{"href":"https:\/\/plazajuarez.mx\/historico\/wp-json\/wp\/v2\/media?parent=29820"}],"wp:term":[{"taxonomy":"category","embeddable":true,"href":"https:\/\/plazajuarez.mx\/historico\/wp-json\/wp\/v2\/categories?post=29820"},{"taxonomy":"post_tag","embeddable":true,"href":"https:\/\/plazajuarez.mx\/historico\/wp-json\/wp\/v2\/tags?post=29820"}],"curies":[{"name":"wp","href":"https:\/\/api.w.org\/{rel}","templated":true}]}}