{"id":29818,"date":"2016-10-10T14:24:21","date_gmt":"2016-10-10T14:24:21","guid":{"rendered":"http:\/\/plazajuarez.mx\/index\/index.php\/2016\/10\/10\/paulina-romero-brilla-en-torneo-internacional\/"},"modified":"2016-10-10T14:24:21","modified_gmt":"2016-10-10T14:24:21","slug":"paulina-romero-brilla-en-torneo-internacional","status":"publish","type":"post","link":"https:\/\/plazajuarez.mx\/historico\/paulina-romero-brilla-en-torneo-internacional\/","title":{"rendered":"PAULINA ROMERO BRILLA EN TORNEO INTERNACIONAL"},"content":{"rendered":"<p>#LUCHAS ASOCIADAS <br \/>\u00a0<br \/>\u25cf\u00a0\u00a0\u00a0 LA ATLETA HIDALGUENSE se colg\u00f3 la medalla de oro en el Campeonato Panamericano Escolar de luchas asociadas<br \/>DATO<br \/>Andrea Avelino Barrientos y Sandra Escamilla Menchaca, obtuvieron medalla de plata<\/p>\n<p>  <!--more-->  <\/p>\n<p>Con gran categor\u00eda y mucho esfuerzo, Paulina Romero Nieto, gladiadora hidalguense, se colg\u00f3 la medalla de oro en el Campeonato Panamericano Escolar de luchas asociadas, el cual se disputa en la ciudad de\u00a0 Medell\u00edn, Colombia, en lo que fue un gran logro por parte de la atleta.<br \/>Asimismo, en su primera aparici\u00f3n internacional y participaci\u00f3n con la Selecci\u00f3n Nacional, la deportista formada en el Centro Estatal de Alto Rendimiento (CEAR), subi\u00f3 a lo m\u00e1s alto del p\u00f3dium en la categor\u00eda escolar, divisi\u00f3n de\u00a0 peso 52 kilogramos, estilo libre, al vencer en el colch\u00f3n a la representante de Per\u00fa.<br \/>Del mismo modo, en esta modalidad, las seleccionadas nacionales Andrea Avelino Barrientos y Sandra Escamilla Menchaca, obtuvieron medalla de plata tras caer con las deportistas de Estados Unidos y Colombia, respectivamente.<br \/>Mientras que Ximena \u00c1lvarez Carranza y Nallely Cardona Contreras, contribuyeron con medalla de bronce, al ganar sus respectivos combates ante Colombia y Estados Unidos, en combates que no fueron sencillos ante dos oponentes sumamente complicados.<br \/>Por otro lado, en la rama varonil, Luis Parra Guill\u00e9n (Ciudad de M\u00e9xico), se proclam\u00f3 campe\u00f3n continental luego de derrotar a su rival de Venezuela en los 53 kilogramos; por su parte, el representante de la Universidad Nacional Aut\u00f3noma de M\u00e9xico (UNAM), Cristian S\u00e1nchez Hern\u00e1ndez, gan\u00f3\u00a0 medalla de plata en los 85 kilos, tras disputar la final con el gladiador de Estados Unidos.<br \/>H\u00e9ctor Gonz\u00e1lez Torres (Sonora), sum\u00f3 una medalla de bronce al equipo nacional, despu\u00e9s de vencer en la pelea por el tercer lugar al luchador de Colombia. Finalmente, los atletas mexicanos han hecho un gran papel y han dado un grato sabor de boca en esta competencia de talla internacional.<br \/>\u00a0<br \/>\u00a0<\/p>\n","protected":false},"excerpt":{"rendered":"<p>#LUCHAS ASOCIADAS \u00a0\u25cf\u00a0\u00a0\u00a0 LA ATLETA HIDALGUENSE se colg\u00f3 la medalla de oro en el Campeonato Panamericano Escolar de luchas asociadasDATOAndrea Avelino Barrientos y Sandra Escamilla Menchaca, obtuvieron medalla de plata<\/p>\n","protected":false},"author":93,"featured_media":0,"comment_status":"open","ping_status":"open","sticky":false,"template":"","format":"standard","meta":{"footnotes":""},"categories":[39],"tags":[],"class_list":["post-29818","post","type-post","status-publish","format-standard","hentry","category-deportiva"],"_links":{"self":[{"href":"https:\/\/plazajuarez.mx\/historico\/wp-json\/wp\/v2\/posts\/29818","targetHints":{"allow":["GET"]}}],"collection":[{"href":"https:\/\/plazajuarez.mx\/historico\/wp-json\/wp\/v2\/posts"}],"about":[{"href":"https:\/\/plazajuarez.mx\/historico\/wp-json\/wp\/v2\/types\/post"}],"author":[{"embeddable":true,"href":"https:\/\/plazajuarez.mx\/historico\/wp-json\/wp\/v2\/users\/93"}],"replies":[{"embeddable":true,"href":"https:\/\/plazajuarez.mx\/historico\/wp-json\/wp\/v2\/comments?post=29818"}],"version-history":[{"count":0,"href":"https:\/\/plazajuarez.mx\/historico\/wp-json\/wp\/v2\/posts\/29818\/revisions"}],"wp:attachment":[{"href":"https:\/\/plazajuarez.mx\/historico\/wp-json\/wp\/v2\/media?parent=29818"}],"wp:term":[{"taxonomy":"category","embeddable":true,"href":"https:\/\/plazajuarez.mx\/historico\/wp-json\/wp\/v2\/categories?post=29818"},{"taxonomy":"post_tag","embeddable":true,"href":"https:\/\/plazajuarez.mx\/historico\/wp-json\/wp\/v2\/tags?post=29818"}],"curies":[{"name":"wp","href":"https:\/\/api.w.org\/{rel}","templated":true}]}}