{"id":29817,"date":"2016-10-10T14:23:05","date_gmt":"2016-10-10T14:23:05","guid":{"rendered":"http:\/\/plazajuarez.mx\/index\/index.php\/2016\/10\/10\/lucida-tarde-de-toros-en-la-vicente-segura\/"},"modified":"2016-10-10T14:23:05","modified_gmt":"2016-10-10T14:23:05","slug":"lucida-tarde-de-toros-en-la-vicente-segura","status":"publish","type":"post","link":"https:\/\/plazajuarez.mx\/historico\/lucida-tarde-de-toros-en-la-vicente-segura\/","title":{"rendered":"LUCIDA TARDE DE TOROS  EN LA VICENTE SEGURA"},"content":{"rendered":"<p>#ENTRE EL CALLEJ\u00d3N Y EL TENDIDO<\/p>\n<p>\u25cf\u00a0\u00a0\u00a0 La primer corrida de toros, de las tres de que constar\u00e1 el serial franciscano este a\u00f1o, estuvo llena de emoci\u00f3n y detalles toreros.<\/p>\n<p>  <!--more-->  <\/p>\n<p>Estimados Amigos, con el gusto de saludarlos a trav\u00e9s de este espacio de Plaza Ju\u00e1rez. La tarde de ayer se ha dado la primer Corrida de Toros del Serial San Francisco 2016, en la Monumental Plaza de Toros Vicente Segura, de nuestra Bella Airosa, bajo la nueva administraci\u00f3n a cargo de la Empresa Innovaci\u00f3n Taurina, que encabeza la Lic. Erika Molina Barrag\u00e1n, y ha resultado lucida y emocionante, aun cuando el resultado art\u00edstico no haya sido el deseado con triunfos rotundos para todos los toreros.<br \/>En primer t\u00e9rmino hemos de se\u00f1alar la buena respuesta de la afici\u00f3n que no obstante el mal tiempo que predomin\u00f3 durante la ma\u00f1ana hizo poco m\u00e1s de media entrada en tarde nublada y fr\u00eda con amenaza de lluvia, abandonando el Coso del Bulevar Felipe Angeles, satisfecha de las actuaciones del rejoneador Emiliano Gamero, que por falla con los rejones de muerte solamente dio vuelta en cada uno de sus astados, las emocionantes pegas de los Forcados de Teziutl\u00e1n y los Forcados de Puebla; Uriel Moreno \u201cEl Zapata\u201d con corte de oreja a cada uno de los bureles de su lote, Octavio Garc\u00eda \u201cEl Payo\u201d que fue ovacionado y Diego Silveti que cort\u00f3 una oreja del que cerr\u00f3 plaza.<br \/>Se jugaron dos toros de Javier Garfias para rejones y seis de de la Vacada de Arroyo Zarco, propiedad de Don Fernando P\u00e9rez Salazar Barroso, en conjunto bien presentados, con edad y trap\u00edo, aunque disparejos de comportamiento, sobresaliendo primero, segundo, sexto y octavo.<br \/>Emiliano Gamero va afianzando su toreo a caballo d\u00eda a d\u00eda, logrando a trav\u00e9s de los \u00faltimos meses importantes actuaciones en todas las plazas de importancia del pa\u00eds que le han valido innumerables salidas a hombros. Ayer se enfrent\u00f3 en a \u201cBarbacoyero\u201d de Javier Garfias, herrado con el n\u00famero 69, de 517 kilos de peso, un toro largo como ferrocarril, alto de agujas, de pelaje negro zaino, bien puesto de pitones, que mostr\u00f3 calidad al embestir, y a \u201cConcretero\u201d n\u00famero 57, de 525 kilos, de pelaje casta\u00f1o, paliabierto de cuerna, ante los que Gamero dio una muestra de la madurez que ha alcanzado en el toreo a caballo, encelando a los astados con la grupa de sus equinos, para llevarlos muy templados a la m\u00ednima distancia y colocar rejones de castigo, banderillas largas, cortas matizadas con evoluciones y recortes que le fueron jaleados muy fuerte, a su primero, despu\u00e9s de un pinchazo sin soltar, lo mat\u00f3 de un \u201cmetisaca\u201d que tumb\u00f3 patas arriba al toro, dando una vuelta al ruedo con fuerza, a este astado lo pegaron, a la segunda<br \/>oportunidad, los Forcado de Teziutl\u00e1n actuando como forcado de cara Alfredo Molina, , siendo aplaudidos. En el quinto de la tarde Emiliano pas\u00f3 fatigas con un toro que aprendi\u00f3 pronto y lo esperaba a la hora de clavar, al que despach\u00f3 de una entera, para dar nuevamente la vuelta al ruedo, en este astado actuaron los Forcados de Puebla con Dante Austria como forcado de cara que realizaron una emocionante pega, que les vali\u00f3 ganar el trofeo en disputa.<br \/>Por lo que hace a los toreros de a pie; Uriel Moreno \u201cEl Zapata\u201d lidi\u00f3 a \u201cArrayan\u201d, n\u00famero 167, con 480 kilos de peso, un toro de preciosas hechuras, apretado de carnes, enmorrillado, brocho de cuerna, bravo de buen estilo para embestir, al que \u201cEl Zapata\u201d salud\u00f3 con dos lances de la \u201cveleta\u201d invenci\u00f3n de Rodolfo Rodr\u00edguez \u201cEl Pana\u201d, para con un farol y una larga afarolada de rodillas, una chicuela y dos medias ver\u00f3nicas tambi\u00e9n de hinojos que pusieron de pie a la audiencia; llev\u00f3 al caballo con el quite de la \u201cmariposa\u201d, pero perdi\u00f3 piso cayendo en la cara del toro que hizo por \u00e9l, afortunadamente sin consecuencias, quito por \u201czapatinas\u201d lance de su creaci\u00f3n y coloc\u00f3 banderillas con la facultad que le caracteriza, con la muleta se hizo pronto de la embestida del astado corriendo la mano con temple por ambos lados en series que le fueron coreadas con fuerza, termino a su enemigo de una estocada ligeramente tendida, para que se le otorgara una oreja. En su segundo, quinto de la tarde Uriel volvi\u00f3 a lucir en banderillas y con la muleta logr\u00f3 cuajar muletazos muy templados que llegaron al tendido, entr\u00f3 a matar dejando tres cuartos de acero que bastaron y su labor fue premiada con otra oreja.<br \/>Octavio Garc\u00eda \u201cEl Payo, pecho con el lote menos propicio, sin que haya tenido tela de donde cortar, teniendo los mejores momentos en la lidia del tercero de la tarde de nombre \u201cCholo\u201d n\u00famero 171, de 477 kilos de peso, siendo retirado con tibias palmas despu\u00e9s de su labor.<br \/>Por lo que respecta a Diego Silveti, no tuvo mayor oportunidad con su primero de nombre \u201cPeriquito Debutante\u201d, un toro de hermosa l\u00e1mina, berrendo en c\u00e1rdeno, que sin embargo fue manso, en tanto con el que cerr\u00f3 plaza, bautizado como \u201cDon Rafa\u201d, n\u00famero 168, con 460 kilos de peso, de pinta casta\u00f1o, c\u00f3modo de cuerna, el joven torero guanajuatense a base de exponer fue metiendo en la muleta al astado para ligarle series cortas de muletazos con arte y hondura que calaron en el tendido, se tir\u00f3 a matar dejando tres cuartos de acero en buen sitio que bastaron para despachar a su enemigo, otorg\u00e1ndosele una oreja tras fuerte petici\u00f3n.<br \/>Destac\u00f3 en el pase\u00edllo de las cuadrillas la participaci\u00f3n de un grupo de ni\u00f1o en protesta por la iniciativa de prohibirles la entrada a las plazas de toros a los infantes.<br \/>Por ah\u00ed nos vemos ENTRE EL CALLEJ\u00d3N Y EL TENDIDO si Dios lo permite.<\/p>\n","protected":false},"excerpt":{"rendered":"<p>#ENTRE EL CALLEJ\u00d3N Y EL TENDIDO \u25cf\u00a0\u00a0\u00a0 La primer corrida de toros, de las tres de que constar\u00e1 el serial franciscano este a\u00f1o, estuvo llena de emoci\u00f3n y detalles toreros.<\/p>\n","protected":false},"author":93,"featured_media":0,"comment_status":"open","ping_status":"open","sticky":false,"template":"","format":"standard","meta":{"footnotes":""},"categories":[39],"tags":[],"class_list":["post-29817","post","type-post","status-publish","format-standard","hentry","category-deportiva"],"_links":{"self":[{"href":"https:\/\/plazajuarez.mx\/historico\/wp-json\/wp\/v2\/posts\/29817","targetHints":{"allow":["GET"]}}],"collection":[{"href":"https:\/\/plazajuarez.mx\/historico\/wp-json\/wp\/v2\/posts"}],"about":[{"href":"https:\/\/plazajuarez.mx\/historico\/wp-json\/wp\/v2\/types\/post"}],"author":[{"embeddable":true,"href":"https:\/\/plazajuarez.mx\/historico\/wp-json\/wp\/v2\/users\/93"}],"replies":[{"embeddable":true,"href":"https:\/\/plazajuarez.mx\/historico\/wp-json\/wp\/v2\/comments?post=29817"}],"version-history":[{"count":0,"href":"https:\/\/plazajuarez.mx\/historico\/wp-json\/wp\/v2\/posts\/29817\/revisions"}],"wp:attachment":[{"href":"https:\/\/plazajuarez.mx\/historico\/wp-json\/wp\/v2\/media?parent=29817"}],"wp:term":[{"taxonomy":"category","embeddable":true,"href":"https:\/\/plazajuarez.mx\/historico\/wp-json\/wp\/v2\/categories?post=29817"},{"taxonomy":"post_tag","embeddable":true,"href":"https:\/\/plazajuarez.mx\/historico\/wp-json\/wp\/v2\/tags?post=29817"}],"curies":[{"name":"wp","href":"https:\/\/api.w.org\/{rel}","templated":true}]}}