{"id":29814,"date":"2016-10-10T14:22:20","date_gmt":"2016-10-10T14:22:20","guid":{"rendered":"http:\/\/plazajuarez.mx\/index\/index.php\/2016\/10\/10\/coche-bomba-deja-19-muertos-y-27-heridos-en-turquia\/"},"modified":"2016-10-10T14:22:20","modified_gmt":"2016-10-10T14:22:20","slug":"coche-bomba-deja-19-muertos-y-27-heridos-en-turquia","status":"publish","type":"post","link":"https:\/\/plazajuarez.mx\/historico\/coche-bomba-deja-19-muertos-y-27-heridos-en-turquia\/","title":{"rendered":"COCHE BOMBA DEJA 19 MUERTOS Y 27 HERIDOS EN TURQU\u00cdA"},"content":{"rendered":"<p>ENTRE ELLOS 10 SOLDADOS\u00a0 (BALAZO)<\/p>\n<p>\u25cf\u00a0\u00a0\u00a0 Atribuyen el atentado al partido de los Trabajadores de Kurdist\u00e1n<\/p>\n<p>  <!--more-->  <\/p>\n<p>Turqu\u00eda.- El estallido de un coche bomba en el sureste de Turqu\u00eda provoc\u00f3 la muerte de 19 personas, entre ellas 10 soldados, adem\u00e1s de herir a 27 personas m\u00e1s.<br \/>El ataque es atribuido por las autoridades al proscrito Partido de los Trabajadores de Kurdist\u00e1n.<br \/>Fue el primer ministro turco, Binali Yildirim quien dio a conocer que 10 soldados turcos murieron en el atentado, as\u00ed como ocho civiles y un terrorista suicida.<br \/>Adem\u00e1s hubo 27 heridos, entre estos once militares que fueron trasladados a hospitales cercanos, seg\u00fan las autoridades provinciales.<br \/>Seg\u00fan EFE, un supuesto miembro del PKK hizo estallar un coche bomba contra un control de carretera al lado de una gendarmer\u00eda en la provincia de Hakkari, fronteriza con Irak e Ir\u00e1n. <br \/>&#8220;EL ATAQUE SE REALIZ\u00d3 CON UNA CAMIONETA CARGADA CON CINCO TONELADAS DE EXPLOSIVOS Y CONDUCIDA POR UN ATACANTE SUICIDA&#8221;, DIJO YILDIRIM EN DECLARACIONES A LA PRENSA. <br \/>&#8220;Hasta ahora hay diez soldados ca\u00eddos y ocho ciudadanos civiles han perdido la vida. Hay heridos&#8221;, agreg\u00f3 el primer ministro. <br \/>El presidente turco, Recep Tayyip Erdogan, conden\u00f3 los hechos a trav\u00e9s de un comunicado y dijo:<br \/>\u00a0&#8220;EST\u00c1 BUSCANDO INTENSIFICAR LOS ATAQUES, CARECIENDO DE TODO VALOR HUMANO O MORAL&#8221;. <br \/>Asimismo se\u00f1al\u00f3 que se est\u00e1n tomando todo tipo de medidas preventivas tanto pol\u00edticas, como diplom\u00e1ticas y militares, dentro y fuera del pa\u00eds para asegurar un futuro seguro y en paz.<br \/>Los hechos sucedieron en la carretera entre Y\u00fcksekova y Semdinli, en el este de la monta\u00f1osa provincia de Hakkari, frecuente escenario de enfrentamientos entre el Ej\u00e9rcito turco y la guerrilla kurda. <\/p>\n<p>EL PKK, CONSIDERADO TERRORISTA POR LA UNI\u00d3N EUROPEA, ESTADOS UNIDOS Y TURQU\u00cdA, INICI\u00d3 SU LUCHA ARMADA EN 1984 A FAVOR DE M\u00c1S DERECHOS DE LA MINOR\u00cdA KURDA EN EL PA\u00cdS EURASI\u00c1TICO<\/p>\n","protected":false},"excerpt":{"rendered":"<p>ENTRE ELLOS 10 SOLDADOS\u00a0 (BALAZO) \u25cf\u00a0\u00a0\u00a0 Atribuyen el atentado al partido de los Trabajadores de Kurdist\u00e1n<\/p>\n","protected":false},"author":93,"featured_media":0,"comment_status":"open","ping_status":"open","sticky":false,"template":"","format":"standard","meta":{"footnotes":""},"categories":[31],"tags":[],"class_list":["post-29814","post","type-post","status-publish","format-standard","hentry","category-orbe"],"_links":{"self":[{"href":"https:\/\/plazajuarez.mx\/historico\/wp-json\/wp\/v2\/posts\/29814","targetHints":{"allow":["GET"]}}],"collection":[{"href":"https:\/\/plazajuarez.mx\/historico\/wp-json\/wp\/v2\/posts"}],"about":[{"href":"https:\/\/plazajuarez.mx\/historico\/wp-json\/wp\/v2\/types\/post"}],"author":[{"embeddable":true,"href":"https:\/\/plazajuarez.mx\/historico\/wp-json\/wp\/v2\/users\/93"}],"replies":[{"embeddable":true,"href":"https:\/\/plazajuarez.mx\/historico\/wp-json\/wp\/v2\/comments?post=29814"}],"version-history":[{"count":0,"href":"https:\/\/plazajuarez.mx\/historico\/wp-json\/wp\/v2\/posts\/29814\/revisions"}],"wp:attachment":[{"href":"https:\/\/plazajuarez.mx\/historico\/wp-json\/wp\/v2\/media?parent=29814"}],"wp:term":[{"taxonomy":"category","embeddable":true,"href":"https:\/\/plazajuarez.mx\/historico\/wp-json\/wp\/v2\/categories?post=29814"},{"taxonomy":"post_tag","embeddable":true,"href":"https:\/\/plazajuarez.mx\/historico\/wp-json\/wp\/v2\/tags?post=29814"}],"curies":[{"name":"wp","href":"https:\/\/api.w.org\/{rel}","templated":true}]}}