{"id":298040,"date":"2024-02-13T00:42:00","date_gmt":"2024-02-13T06:42:00","guid":{"rendered":"https:\/\/plazajuarez.mx\/?p=298040"},"modified":"2024-02-13T00:42:03","modified_gmt":"2024-02-13T06:42:03","slug":"argentina-suena-con-ver-a-messi-y-di-maria-en-los-juegos-olimpicos-de-paris","status":"publish","type":"post","link":"https:\/\/plazajuarez.mx\/historico\/argentina-suena-con-ver-a-messi-y-di-maria-en-los-juegos-olimpicos-de-paris\/","title":{"rendered":"Argentina sue\u00f1a con ver a Messi y Di Mar\u00eda en los Juegos Ol\u00edmpicos de Par\u00eds"},"content":{"rendered":"\n<p><strong>&#8220;<\/strong>Yo, como entrenador, tengo la obligaci\u00f3n de invitarlos&#8221;. Con esa rotunda frase, el seleccionador de Argentina sub-23, Javier Mascherano, abri\u00f3 la puerta a un sue\u00f1o que millones de hinchas empezaron a amasar este domingo, cuando su equipo obtuvo el pasaje a los Juegos Ol\u00edmpicos de Par\u00eds 2024.<\/p>\n\n\n\n<p>Que la lista integrada por el campe\u00f3n del mundo en Qatar 2022 Thiago Almada, Federico Redondo, Valent\u00edn Barco y Claudio &#8216;Diablito&#8217; Echeverri, entre otros, pueda engrosarse para la cita ol\u00edmpica con dos hombres de la talla de Lionel Messi y \u00c1ngel di Mar\u00eda es algo que, m\u00e1s all\u00e1 de alimentar la fantas\u00eda de los aficionados albicelestes, emociona a cualquier seguidor del buen f\u00fatbol.<\/p>\n\n\n\n<p>&#8220;Obviamente vamos a hablar. Todos conocen mi relaci\u00f3n con Leo y con \u00c1ngel: somos amigos, tenemos una relaci\u00f3n espectacular. Yo, como entrenador, tengo la obligaci\u00f3n de invitarlos; pero uno tambi\u00e9n entiende que tienen otros compromisos y depender\u00e1 tambi\u00e9n de eso. No es tan sencillo&#8221;, declar\u00f3 el &#8216;Jefecito&#8217; a los micr\u00f3fonos de TyC Sports nada m\u00e1s concluir el Preol\u00edmpico disputado en Venezuela.<\/p>\n\n\n\n<p>Su victoria por 1-0 sobre Brasil no s\u00f3lo dio la clasificaci\u00f3n a la Albiceleste, sino que enterr\u00f3 las opciones de la &#8216;Verdeamarelha&#8217; y facilit\u00f3 el t\u00edtulo en el torneo a Paraguay, que tambi\u00e9n viajar\u00e1 a Par\u00eds.<\/p>\n\n\n\n<p>La felicitaci\u00f3n p\u00fablica de Messi en su cuenta de Instagram no hizo sino alimentar el anhelo de los seguidores argentinos, que, desde el 18 de diciembre de 2022, cuando su \u00eddolo les dio el tercer t\u00edtulo mundial, desmenuzan y diseccionan cualquier palabra que diga o escriba, e inundaron las redes sociales con la petici\u00f3n de que la &#8216;Pulga&#8217; acuda a Par\u00eds 2024.<\/p>\n\n\n\n<p>Ya en enero pasado, en plena preparaci\u00f3n para el Preol\u00edmpico Sudamericano que concluy\u00f3 este domingo, Mascherano hab\u00eda declarado que Messi y Di Mar\u00eda &#8220;se ganaron la posibilidad de elegir&#8221; y que, si ellos quer\u00edan acudir a la cita ol\u00edmpica, &#8220;lo pueden hacer&#8221;.<\/p>\n\n\n\n<p>Consciente de que la Copa Am\u00e9rica, que se disputa del 20 de junio al 14 de julio y en la que Argentina defiende el t\u00edtulo logrado en 2022, ser\u00e1 -como \u00e9l anunci\u00f3 en su d\u00eda- la despedida de la selecci\u00f3n del &#8216;Fideo&#8217;, el &#8216;Jefecito&#8217; ya expres\u00f3 en ese momento que &#8220;tambi\u00e9n ser\u00eda un lindo cierre en los Juegos&#8221;, que tendr\u00e1n lugar del 26 de julio al 11 de agosto.<\/p>\n\n\n\n<p><strong>Brillo ol\u00edmpico&nbsp;<\/strong><\/p>\n\n\n\n<p>Am\u00e9n de los innumerables t\u00edtulos que acumula como ex jugador en clubes como River Plate, Corintians y, sobre todo, Barcelona, Mascherano tiene en su palmar\u00e9s un curioso logro: es el \u00fanico futbolista argentino que atesora dos oros ol\u00edmpicos, los que consigui\u00f3 la Albiceleste en Atenas 2004 (sobre Paraguay) y en Pek\u00edn 2008 (sobre Nigeria).<\/p>\n\n\n\n<p>Esos son, precisamente, los \u00fanicos t\u00edtulos del balompi\u00e9 argentino en la historia ol\u00edmpica, ya que las otras finales a las que lleg\u00f3, Amsterdam 1928 y Atlanta 1996, las perdi\u00f3 ante Uruguay y Nigeria, respectivamente.<\/p>\n\n\n\n<p>En Pek\u00edn 2008, Mascherano -que fue uno de los mayores de 23 convocados por el entonces seleccionador, el campe\u00f3n del mundo en 1986 Sergio Batista- comparti\u00f3 plantel con otro &#8216;veterano&#8217;, Juan Rom\u00e1n Riquelme, y los sub-23 Sergio &#8216;Kun&#8217; Ag\u00fcero, \u00c9ver Banega, Fernando Gago, Ezequiel Lavezzi y Pablo Zabaleta, entre otros.&nbsp;<\/p>\n\n\n\n<p>En ese equipo tambi\u00e9n se encontraban Messi y Di Mar\u00eda, quienes ya hab\u00edan ganado, respectivamente, el Mundial sub-20 de Pa\u00edses Bajos 2005 y Canad\u00e1 2007. Ambos fueron grandes protagonistas en la final, ya que el &#8216;Fideo&#8217; anot\u00f3 el gol del triunfo, pero la asistencia fue obra de la &#8216;Pulga&#8217;, quien dio un pase desde el centro del campo para la carrera de su paisano rosarino.<\/p>\n\n\n\n<p>Ambos tienen la oportunidad de regresar a la capital francesa, a la ciudad en la que ambos jugaron con suerte dispar -m\u00e1s all\u00e1 de los t\u00edtulos logrados, Di Mar\u00eda fue fundamental en sus siete temporadas en el Paris Saint-Germain mientras que Messi jam\u00e1s se sinti\u00f3 bien en los dos a\u00f1os que all\u00ed permaneci\u00f3.<\/p>\n\n\n\n<p>Nadie sabe si sus complicados calendarios les permitir\u00e1n acudir a otros Juegos Ol\u00edmpicos y, menos a\u00fan, alcanzar a Mascherano en la gloria de sumar su segundo oro. Pero si de algo saben los argentinos es de mantener viva la llama del sue\u00f1o y, por eso, nadie les quita la ilusi\u00f3n de ver a Messi y Di Mar\u00eda en Par\u00eds 2024.<\/p>\n","protected":false},"excerpt":{"rendered":"<p>&#8220;Yo, como entrenador, tengo la obligaci\u00f3n de invitarlos&#8221;. Con esa rotunda frase, el seleccionador de Argentina sub-23, Javier Mascherano, abri\u00f3 la puerta a un sue\u00f1o que millones de hinchas empezaron a amasar este domingo, cuando su equipo obtuvo el pasaje a los Juegos Ol\u00edmpicos de Par\u00eds 2024. Que la lista integrada por el campe\u00f3n del [&hellip;]<\/p>\n","protected":false},"author":80,"featured_media":298041,"comment_status":"closed","ping_status":"closed","sticky":false,"template":"","format":"standard","meta":{"footnotes":""},"categories":[39],"tags":[],"class_list":["post-298040","post","type-post","status-publish","format-standard","has-post-thumbnail","hentry","category-deportiva"],"_links":{"self":[{"href":"https:\/\/plazajuarez.mx\/historico\/wp-json\/wp\/v2\/posts\/298040","targetHints":{"allow":["GET"]}}],"collection":[{"href":"https:\/\/plazajuarez.mx\/historico\/wp-json\/wp\/v2\/posts"}],"about":[{"href":"https:\/\/plazajuarez.mx\/historico\/wp-json\/wp\/v2\/types\/post"}],"author":[{"embeddable":true,"href":"https:\/\/plazajuarez.mx\/historico\/wp-json\/wp\/v2\/users\/80"}],"replies":[{"embeddable":true,"href":"https:\/\/plazajuarez.mx\/historico\/wp-json\/wp\/v2\/comments?post=298040"}],"version-history":[{"count":0,"href":"https:\/\/plazajuarez.mx\/historico\/wp-json\/wp\/v2\/posts\/298040\/revisions"}],"wp:featuredmedia":[{"embeddable":true,"href":"https:\/\/plazajuarez.mx\/historico\/wp-json\/wp\/v2\/media\/298041"}],"wp:attachment":[{"href":"https:\/\/plazajuarez.mx\/historico\/wp-json\/wp\/v2\/media?parent=298040"}],"wp:term":[{"taxonomy":"category","embeddable":true,"href":"https:\/\/plazajuarez.mx\/historico\/wp-json\/wp\/v2\/categories?post=298040"},{"taxonomy":"post_tag","embeddable":true,"href":"https:\/\/plazajuarez.mx\/historico\/wp-json\/wp\/v2\/tags?post=298040"}],"curies":[{"name":"wp","href":"https:\/\/api.w.org\/{rel}","templated":true}]}}