{"id":297942,"date":"2024-02-12T05:00:00","date_gmt":"2024-02-12T11:00:00","guid":{"rendered":"https:\/\/plazajuarez.mx\/?p=297942"},"modified":"2024-02-12T08:55:40","modified_gmt":"2024-02-12T14:55:40","slug":"concluye-el-curso-el-docente-profesional-que-queremos","status":"publish","type":"post","link":"https:\/\/plazajuarez.mx\/historico\/concluye-el-curso-el-docente-profesional-que-queremos\/","title":{"rendered":"Concluye el curso \u201cEl docente profesional que queremos\u201d"},"content":{"rendered":"\n<p class=\"wp-block-paragraph\">Tras la conclusi\u00f3n del curso \u201cEl docente profesional que queremos\u201d, impartido en la sede Pachuca de la Universidad Pedag\u00f3gica Nacional- Hidalgo (UPN-H), los asistentes recibieron su constancia de participaci\u00f3n que avala los conocimientos obtenidos con valor curricular ante la Unidad del Sistema para la Carrera de las Maestras y los Maestros (Usicamm).<\/p>\n\n\n\n<p class=\"wp-block-paragraph\">Durante la ceremonia, la directora general de la UPN-H, Marisol Vite Vargas, enfatiz\u00f3 la importancia de la capacitaci\u00f3n constante y destac\u00f3 que un punto importante para la \u201cNueva Escuela Mexicana\u201d es que el docente: \u201cdej\u00f3 de ser visto como t\u00e9cnico que reproduc\u00eda lo que otros dise\u00f1an y ahora los profesores se colocan en el dise\u00f1o de proyectos, actividades, estrategias para producir el aprendizaje\u201d, dijo.<\/p>\n\n\n\n<p class=\"wp-block-paragraph\">Y agreg\u00f3 \u201clos acad\u00e9micos de nuestra casa de estudios hacen una planeaci\u00f3n del curso y contenido pensando en el abordaje del mismo para que el estudiante tenga las herramientas para el aprendizaje\u201d.&nbsp;<\/p>\n\n\n\n<p class=\"wp-block-paragraph\">Por otra parte, aprovech\u00f3 para recordar que la UPN-H es una casa de estudios de puertas abiertas por lo que les record\u00f3 a los participantes que cuando necesiten de apoyo o si llegasen a ubicar un \u00e1rea de oportunidad para su capacitaci\u00f3n y actualizaci\u00f3n, se acerquen para que les sea dise\u00f1ado un curso o taller con el que les puedan atender.&nbsp;<\/p>\n\n\n\n<p class=\"wp-block-paragraph\">Dato: Durante la ceremonia, la directora general de la UPN-H, Marisol Vite Vargas, enfatiz\u00f3 la importancia de la capacitaci\u00f3n constante<\/p>\n","protected":false},"excerpt":{"rendered":"<p>Tras la conclusi\u00f3n del curso \u201cEl docente profesional que queremos\u201d, impartido en la sede Pachuca de la Universidad Pedag\u00f3gica Nacional- Hidalgo (UPN-H), los asistentes recibieron su constancia de participaci\u00f3n que avala los conocimientos obtenidos con valor curricular ante la Unidad del Sistema para la Carrera de las Maestras y los Maestros (Usicamm). Durante la ceremonia, [&hellip;]<\/p>\n","protected":false},"author":72,"featured_media":297943,"comment_status":"closed","ping_status":"closed","sticky":false,"template":"","format":"standard","meta":{"footnotes":""},"categories":[15,59],"tags":[],"class_list":["post-297942","post","type-post","status-publish","format-standard","has-post-thumbnail","hentry","category-destacadas","category-general"],"_links":{"self":[{"href":"https:\/\/plazajuarez.mx\/historico\/wp-json\/wp\/v2\/posts\/297942","targetHints":{"allow":["GET"]}}],"collection":[{"href":"https:\/\/plazajuarez.mx\/historico\/wp-json\/wp\/v2\/posts"}],"about":[{"href":"https:\/\/plazajuarez.mx\/historico\/wp-json\/wp\/v2\/types\/post"}],"author":[{"embeddable":true,"href":"https:\/\/plazajuarez.mx\/historico\/wp-json\/wp\/v2\/users\/72"}],"replies":[{"embeddable":true,"href":"https:\/\/plazajuarez.mx\/historico\/wp-json\/wp\/v2\/comments?post=297942"}],"version-history":[{"count":0,"href":"https:\/\/plazajuarez.mx\/historico\/wp-json\/wp\/v2\/posts\/297942\/revisions"}],"wp:featuredmedia":[{"embeddable":true,"href":"https:\/\/plazajuarez.mx\/historico\/wp-json\/wp\/v2\/media\/297943"}],"wp:attachment":[{"href":"https:\/\/plazajuarez.mx\/historico\/wp-json\/wp\/v2\/media?parent=297942"}],"wp:term":[{"taxonomy":"category","embeddable":true,"href":"https:\/\/plazajuarez.mx\/historico\/wp-json\/wp\/v2\/categories?post=297942"},{"taxonomy":"post_tag","embeddable":true,"href":"https:\/\/plazajuarez.mx\/historico\/wp-json\/wp\/v2\/tags?post=297942"}],"curies":[{"name":"wp","href":"https:\/\/api.w.org\/{rel}","templated":true}]}}