{"id":29791,"date":"2016-10-09T08:26:03","date_gmt":"2016-10-09T08:26:03","guid":{"rendered":"http:\/\/plazajuarez.mx\/index\/index.php\/2016\/10\/09\/reconocen-el-libro-nacho-lopez-fotografo-de-mexico\/"},"modified":"2016-10-09T08:26:03","modified_gmt":"2016-10-09T08:26:03","slug":"reconocen-el-libro-nacho-lopez-fotografo-de-mexico","status":"publish","type":"post","link":"https:\/\/plazajuarez.mx\/historico\/reconocen-el-libro-nacho-lopez-fotografo-de-mexico\/","title":{"rendered":"Reconocen el libro Nacho L\u00f3pez. Fot\u00f3grafo de M\u00e9xico"},"content":{"rendered":"<p>\u25cf\u00a0\u00a0\u00a0 Obtuvo el Premio de la C\u00e1mara Nacional de la Industria Editorial Mexicana (CANIEM) al mejor libro de arte 2016<\/p>\n<p>  <!--more-->  <\/p>\n<p>El libro Nacho L\u00f3pez. Fot\u00f3grafo de M\u00e9xico, obtuvo el Premio de la C\u00e1mara Nacional de la Industria Editorial Mexicana (CANIEM) al mejor libro de arte 2016.<br \/>La premiaci\u00f3n se llevar\u00e1 a cabo el 17 de noviembre a las 18:00 horas en el Museo Tamayo de la Ciudad de M\u00e9xico. <br \/>Los textos introductorios de la obra, una coedici\u00f3n del Instituto Nacional de Bellas Artes y la Universidad Veracruzana, fueron realizados por el secretario de Cultura, Rafael Tovar y de Teresa, y la directora del INBA, Mar\u00eda Cristina Garc\u00eda Cepeda, entre otros. <br \/>En el libro participaron Alberto Toval\u00edn y Jos\u00e9 Antonio Rodr\u00edguez, en el Consejo Editorial, \u00e9ste \u00faltimo tambi\u00e9n escribi\u00f3 uno de los textos centrales. <br \/>De acuerdo a un comunicado, el trabajo de Nacho L\u00f3pez fue innovador, no era el fot\u00f3grafo de las complacencias del poder o de la sonrisa de los pol\u00edticos asegurando un pa\u00eds pr\u00f3spero y feliz. Fue m\u00e1s bien creador de historias a ras de pueblo, de secuencias que adquir\u00edan movimiento en el cine, de reportajes nacidos en la calle, de ensayos visuales no ajenos a las propuestas en la pantalla de Luis Bu\u00f1uel, El Indio Fern\u00e1ndez o Gabriel Figueroa.<br \/>El libro recopila la vasta producci\u00f3n fotogr\u00e1fica de Nacho L\u00f3pez que fue publicada en las revistas Pulso, Ma\u00f1ana, Hoy, Rotofoto, Presente y Siempre!<\/p>\n","protected":false},"excerpt":{"rendered":"<p>\u25cf\u00a0\u00a0\u00a0 Obtuvo el Premio de la C\u00e1mara Nacional de la Industria Editorial Mexicana (CANIEM) al mejor libro de arte 2016<\/p>\n","protected":false},"author":93,"featured_media":0,"comment_status":"open","ping_status":"open","sticky":false,"template":"","format":"standard","meta":{"footnotes":""},"categories":[41],"tags":[],"class_list":["post-29791","post","type-post","status-publish","format-standard","hentry","category-arteria-cultural"],"_links":{"self":[{"href":"https:\/\/plazajuarez.mx\/historico\/wp-json\/wp\/v2\/posts\/29791","targetHints":{"allow":["GET"]}}],"collection":[{"href":"https:\/\/plazajuarez.mx\/historico\/wp-json\/wp\/v2\/posts"}],"about":[{"href":"https:\/\/plazajuarez.mx\/historico\/wp-json\/wp\/v2\/types\/post"}],"author":[{"embeddable":true,"href":"https:\/\/plazajuarez.mx\/historico\/wp-json\/wp\/v2\/users\/93"}],"replies":[{"embeddable":true,"href":"https:\/\/plazajuarez.mx\/historico\/wp-json\/wp\/v2\/comments?post=29791"}],"version-history":[{"count":0,"href":"https:\/\/plazajuarez.mx\/historico\/wp-json\/wp\/v2\/posts\/29791\/revisions"}],"wp:attachment":[{"href":"https:\/\/plazajuarez.mx\/historico\/wp-json\/wp\/v2\/media?parent=29791"}],"wp:term":[{"taxonomy":"category","embeddable":true,"href":"https:\/\/plazajuarez.mx\/historico\/wp-json\/wp\/v2\/categories?post=29791"},{"taxonomy":"post_tag","embeddable":true,"href":"https:\/\/plazajuarez.mx\/historico\/wp-json\/wp\/v2\/tags?post=29791"}],"curies":[{"name":"wp","href":"https:\/\/api.w.org\/{rel}","templated":true}]}}