{"id":29790,"date":"2016-10-09T08:25:58","date_gmt":"2016-10-09T08:25:58","guid":{"rendered":"http:\/\/plazajuarez.mx\/index\/index.php\/2016\/10\/09\/abren-muestra-de-la-cultura-maya-en-italia\/"},"modified":"2016-10-09T08:25:58","modified_gmt":"2016-10-09T08:25:58","slug":"abren-muestra-de-la-cultura-maya-en-italia","status":"publish","type":"post","link":"https:\/\/plazajuarez.mx\/historico\/abren-muestra-de-la-cultura-maya-en-italia\/","title":{"rendered":"Abren muestra de la cultura maya en Italia"},"content":{"rendered":"<p>M\u00c1S DE 300 PIEZAS ARQUEOL\u00d3GICAS\u00a0 <br \/>\u25cf\u00a0\u00a0\u00a0 La exposici\u00f3n de la Riqueza del Mayab estar\u00e1 abierta hasta marzo del 2017<\/p>\n<p>  <!--more-->  <\/p>\n<p>Los diversos sectores de la sociedad italiana podr\u00e1n admirar, en la muestra \u201cMayas, el Lenguaje de la Belleza\u201d, las m\u00e1s de 300 piezas arqueol\u00f3gicas, en las que se ha plasmado no s\u00f3lo la arqueolog\u00eda, sino tambi\u00e9n el esp\u00edritu de un pueblo creativo.<br \/>La exposici\u00f3n de la Riqueza del Mayab estar\u00e1 abierta hasta marzo del 2017 y los visitantes podr\u00e1n constatar el arte de esta cultura que se ha plasmado en piedras, mascarillas, collares y c\u00f3dices, objetos que escenifican la vida diaria y la presencia de sus dioses, as\u00ed como vestigios de gran importancia como el Chac Mool.<br \/>\u201cMayas, el Lenguaje de la Belleza\u201d se ha exhibido en China, Alemania, as\u00ed como en el Palacio de Cant\u00f3n en la Ciudad de M\u00e9rida. Adem\u00e1s, Yucat\u00e1n ha colaborado en las aperturas de muestras de la cultura maya en Brasil, Inglaterra, e Italia.<br \/>El gobernador Rolando Zapata Bello, acompa\u00f1ado del embajador de M\u00e9xico en Italia, Juan Jos\u00e9 Guerra Abud, y de la c\u00f3nsul en Mil\u00e1n, Marisela Morales Ib\u00e1\u00f1ez, dijo en la inauguraci\u00f3n de la muestra que la Riqueza del Mayab no s\u00f3lo concluye en sitios arqueol\u00f3gicos, sino sigue presente en las manos de los artesanos que plasman en esas obras el esp\u00edritu de un pueblo creativo.<br \/>\u201cLa creatividad de los mayas del pasado est\u00e1 presente en las actuales generaciones, las cuales no solo han heredado los conocimientos sino los ejercen d\u00eda a d\u00eda. Ese es un punto que distingue a Yucat\u00e1n, porque trabajamos para armonizar los avances del mundo moderno con el conocimiento ancestral de los mayas\u201d, especific\u00f3.<br \/>Se explic\u00f3 que, adem\u00e1s del reconocimiento hist\u00f3rico al Mayab, a nivel mundial, la exposici\u00f3n tambi\u00e9n busca motivar a los italianos a visitar la Tierra del Fais\u00e1n y el Venado, pero tambi\u00e9n que los promotores de viajes cuenten con mayor informaci\u00f3n para exponerla a los interesados a viajar a M\u00e9xico y en especial a Yucat\u00e1n.<br \/>Asimismo, con esta exposici\u00f3n se busca incrementar el n\u00famero de paseantes y lograr, en consecuencia, fortalecer la ruta a\u00e9rea de Mil\u00e1n a la Ciudad de M\u00e9rida.<\/p>\n<p>\u201cMAYAS, EL LENGUAJE DE LA BELLEZA\u201d SE HA EXHIBIDO EN CHINA, ALEMANIA, AS\u00cd COMO EN EL PALACIO DE CANT\u00d3N EN LA CIUDAD DE M\u00c9RIDA. ADEM\u00c1S, YUCAT\u00c1N HA COLABORADO EN LAS APERTURAS DE MUESTRAS DE LA CULTURA MAYA EN BRASIL, INGLATERRA, E ITALIA<\/p>\n","protected":false},"excerpt":{"rendered":"<p>M\u00c1S DE 300 PIEZAS ARQUEOL\u00d3GICAS\u00a0 \u25cf\u00a0\u00a0\u00a0 La exposici\u00f3n de la Riqueza del Mayab estar\u00e1 abierta hasta marzo del 2017<\/p>\n","protected":false},"author":93,"featured_media":0,"comment_status":"open","ping_status":"open","sticky":false,"template":"","format":"standard","meta":{"footnotes":""},"categories":[41],"tags":[],"class_list":["post-29790","post","type-post","status-publish","format-standard","hentry","category-arteria-cultural"],"_links":{"self":[{"href":"https:\/\/plazajuarez.mx\/historico\/wp-json\/wp\/v2\/posts\/29790","targetHints":{"allow":["GET"]}}],"collection":[{"href":"https:\/\/plazajuarez.mx\/historico\/wp-json\/wp\/v2\/posts"}],"about":[{"href":"https:\/\/plazajuarez.mx\/historico\/wp-json\/wp\/v2\/types\/post"}],"author":[{"embeddable":true,"href":"https:\/\/plazajuarez.mx\/historico\/wp-json\/wp\/v2\/users\/93"}],"replies":[{"embeddable":true,"href":"https:\/\/plazajuarez.mx\/historico\/wp-json\/wp\/v2\/comments?post=29790"}],"version-history":[{"count":0,"href":"https:\/\/plazajuarez.mx\/historico\/wp-json\/wp\/v2\/posts\/29790\/revisions"}],"wp:attachment":[{"href":"https:\/\/plazajuarez.mx\/historico\/wp-json\/wp\/v2\/media?parent=29790"}],"wp:term":[{"taxonomy":"category","embeddable":true,"href":"https:\/\/plazajuarez.mx\/historico\/wp-json\/wp\/v2\/categories?post=29790"},{"taxonomy":"post_tag","embeddable":true,"href":"https:\/\/plazajuarez.mx\/historico\/wp-json\/wp\/v2\/tags?post=29790"}],"curies":[{"name":"wp","href":"https:\/\/api.w.org\/{rel}","templated":true}]}}