{"id":297659,"date":"2024-02-08T22:13:02","date_gmt":"2024-02-09T04:13:02","guid":{"rendered":"https:\/\/plazajuarez.mx\/?p=297659"},"modified":"2024-02-08T22:13:03","modified_gmt":"2024-02-09T04:13:03","slug":"para-la-presidencia-de-la-republica-el-pt-si-ira-con-morena","status":"publish","type":"post","link":"https:\/\/plazajuarez.mx\/historico\/para-la-presidencia-de-la-republica-el-pt-si-ira-con-morena\/","title":{"rendered":"Para la presidencia de la Rep\u00fablica, el PT si ir\u00e1 con Morena"},"content":{"rendered":"\n<p>El Comisionado Pol\u00edtico Nacional Javier V\u00e1zquez Calixto y el coordinador estatal de afiliaci\u00f3n Dami\u00e1n Sosa, junto con el coordinador del grupo legislativo del Partido del Trabajo (PT) en Hidalgo, Osiris Leines, se congregaron en la Convenci\u00f3n Nacional Electoral de dicho instituto pol\u00edtico en la Ciudad de M\u00e9xico en donde se oficializ\u00f3 la candidatura de Claudia Sheinbaum como representante del partido de la estrella a la Presidencia de la Rep\u00fablica.<\/p>\n\n\n\n<p>En un comunicado la dirigencia estatal del PT en Hidalgo, destac\u00f3 que Sheinbaum Pardo expres\u00f3 su agradecimiento por la distinci\u00f3n, destac\u00f3 la larga lucha contra el neoliberalismo y el autoritarismo que, seg\u00fan ella, han caracterizado al panorama pol\u00edtico nacional adem\u00e1s de enfatizar el papel crucial de la coalici\u00f3n Sigamos Haciendo Historia, subrayando el empoderamiento que la 4T ha tra\u00eddo al pueblo mexicano.<\/p>\n\n\n\n<p>Cabe destacar que de acuerdo con los avances, en Hidalgo no habr\u00e1 dicha alianza partidista en varios de los procesos electorales que est\u00e1n a la puerta, como la elecci\u00f3n a la senadur\u00eda por ejemplo, sin embargo en el plano nacional van con la candidata de Morena.<\/p>\n","protected":false},"excerpt":{"rendered":"<p>El Comisionado Pol\u00edtico Nacional Javier V\u00e1zquez Calixto y el coordinador estatal de afiliaci\u00f3n Dami\u00e1n Sosa, junto con el coordinador del grupo legislativo del Partido del Trabajo (PT) en Hidalgo, Osiris Leines, se congregaron en la Convenci\u00f3n Nacional Electoral de dicho instituto pol\u00edtico en la Ciudad de M\u00e9xico en donde se oficializ\u00f3 la candidatura de Claudia [&hellip;]<\/p>\n","protected":false},"author":93,"featured_media":297660,"comment_status":"closed","ping_status":"closed","sticky":false,"template":"","format":"standard","meta":{"footnotes":""},"categories":[15,59],"tags":[],"class_list":["post-297659","post","type-post","status-publish","format-standard","has-post-thumbnail","hentry","category-destacadas","category-general"],"_links":{"self":[{"href":"https:\/\/plazajuarez.mx\/historico\/wp-json\/wp\/v2\/posts\/297659","targetHints":{"allow":["GET"]}}],"collection":[{"href":"https:\/\/plazajuarez.mx\/historico\/wp-json\/wp\/v2\/posts"}],"about":[{"href":"https:\/\/plazajuarez.mx\/historico\/wp-json\/wp\/v2\/types\/post"}],"author":[{"embeddable":true,"href":"https:\/\/plazajuarez.mx\/historico\/wp-json\/wp\/v2\/users\/93"}],"replies":[{"embeddable":true,"href":"https:\/\/plazajuarez.mx\/historico\/wp-json\/wp\/v2\/comments?post=297659"}],"version-history":[{"count":0,"href":"https:\/\/plazajuarez.mx\/historico\/wp-json\/wp\/v2\/posts\/297659\/revisions"}],"wp:featuredmedia":[{"embeddable":true,"href":"https:\/\/plazajuarez.mx\/historico\/wp-json\/wp\/v2\/media\/297660"}],"wp:attachment":[{"href":"https:\/\/plazajuarez.mx\/historico\/wp-json\/wp\/v2\/media?parent=297659"}],"wp:term":[{"taxonomy":"category","embeddable":true,"href":"https:\/\/plazajuarez.mx\/historico\/wp-json\/wp\/v2\/categories?post=297659"},{"taxonomy":"post_tag","embeddable":true,"href":"https:\/\/plazajuarez.mx\/historico\/wp-json\/wp\/v2\/tags?post=297659"}],"curies":[{"name":"wp","href":"https:\/\/api.w.org\/{rel}","templated":true}]}}