{"id":297613,"date":"2024-02-08T05:22:24","date_gmt":"2024-02-08T11:22:24","guid":{"rendered":"https:\/\/plazajuarez.mx\/?p=297613"},"modified":"2024-02-08T05:22:26","modified_gmt":"2024-02-08T11:22:26","slug":"la-seph-atendio-peticiones-de-antorcha-campesina","status":"publish","type":"post","link":"https:\/\/plazajuarez.mx\/historico\/la-seph-atendio-peticiones-de-antorcha-campesina\/","title":{"rendered":"La SEPH atendi\u00f3 peticiones de \u201cAntorcha Campesina\u201d"},"content":{"rendered":"\n<p>Respecto al grupo de manifestantes que lleg\u00f3 a las inmediaciones de la Secretar\u00eda de Educaci\u00f3n P\u00fablica de Hidalgo (SEPH), durante el evento de \u201cEntrega de Materiales del Programa de Fortalecimiento a la Educaci\u00f3n Especial\u201d, se informa:&nbsp;<\/p>\n\n\n\n<p>La manifestaci\u00f3n de alrededor de 120 personas sali\u00f3 a la altura del Instituto Tecnol\u00f3gico de Pachuca y avanz\u00f3 hacia la SEPH. &nbsp;Los manifestantes forman parte de la agrupaci\u00f3n \u201cMovimiento Antorchista Hidalguense\u201d.<\/p>\n\n\n\n<p>Solicitan que se regularice a su personal que realiza funciones de docentes en escuelas de dicha organizaci\u00f3n.<\/p>\n\n\n\n<p>Desde el 3 de marzo de 2023 en acompa\u00f1amiento de la Secretar\u00eda de Gobierno se han efectuado mesas de di\u00e1logo con representantes de dicha agrupaci\u00f3n, mismas en las que reiteradamente se les ha informado que no existe un contrato laboral con ning\u00fan docente de su bachillerato, dado que este opera con la modalidad de escuela particular, situaci\u00f3n que impide atender su demanda respecto al pago de salarios.<\/p>\n\n\n\n<p>Respecto a educaci\u00f3n b\u00e1sica cuentan con planteles de preescolar, primaria y secundaria, en los que tienen a docentes con contratos emergentes, debido a que no han presentado los ex\u00e1menes para acceder a una plaza definitiva y cumplir as\u00ed con la normativa vigente.<\/p>\n\n\n\n<p>Durante la manifestaci\u00f3n fueron atendidos por las autoridades correspondientes.<\/p>\n","protected":false},"excerpt":{"rendered":"<p>Respecto al grupo de manifestantes que lleg\u00f3 a las inmediaciones de la Secretar\u00eda de Educaci\u00f3n P\u00fablica de Hidalgo (SEPH), durante el evento de \u201cEntrega de Materiales del Programa de Fortalecimiento a la Educaci\u00f3n Especial\u201d, se informa:&nbsp; La manifestaci\u00f3n de alrededor de 120 personas sali\u00f3 a la altura del Instituto Tecnol\u00f3gico de Pachuca y avanz\u00f3 hacia [&hellip;]<\/p>\n","protected":false},"author":93,"featured_media":297614,"comment_status":"closed","ping_status":"closed","sticky":false,"template":"","format":"standard","meta":{"footnotes":""},"categories":[59],"tags":[],"class_list":["post-297613","post","type-post","status-publish","format-standard","has-post-thumbnail","hentry","category-general"],"_links":{"self":[{"href":"https:\/\/plazajuarez.mx\/historico\/wp-json\/wp\/v2\/posts\/297613","targetHints":{"allow":["GET"]}}],"collection":[{"href":"https:\/\/plazajuarez.mx\/historico\/wp-json\/wp\/v2\/posts"}],"about":[{"href":"https:\/\/plazajuarez.mx\/historico\/wp-json\/wp\/v2\/types\/post"}],"author":[{"embeddable":true,"href":"https:\/\/plazajuarez.mx\/historico\/wp-json\/wp\/v2\/users\/93"}],"replies":[{"embeddable":true,"href":"https:\/\/plazajuarez.mx\/historico\/wp-json\/wp\/v2\/comments?post=297613"}],"version-history":[{"count":0,"href":"https:\/\/plazajuarez.mx\/historico\/wp-json\/wp\/v2\/posts\/297613\/revisions"}],"wp:featuredmedia":[{"embeddable":true,"href":"https:\/\/plazajuarez.mx\/historico\/wp-json\/wp\/v2\/media\/297614"}],"wp:attachment":[{"href":"https:\/\/plazajuarez.mx\/historico\/wp-json\/wp\/v2\/media?parent=297613"}],"wp:term":[{"taxonomy":"category","embeddable":true,"href":"https:\/\/plazajuarez.mx\/historico\/wp-json\/wp\/v2\/categories?post=297613"},{"taxonomy":"post_tag","embeddable":true,"href":"https:\/\/plazajuarez.mx\/historico\/wp-json\/wp\/v2\/tags?post=297613"}],"curies":[{"name":"wp","href":"https:\/\/api.w.org\/{rel}","templated":true}]}}